{"id":2192,"date":"2019-03-13T13:57:20","date_gmt":"2019-03-13T13:57:20","guid":{"rendered":"http:\/\/www.radiopresidenteibanez.cl\/web\/?p=2192"},"modified":"2019-03-13T13:57:44","modified_gmt":"2019-03-13T13:57:44","slug":"consejo-regional-presento-al-intendente-sus-prioridades-en-torno-a-las-necesidades-del-territorio","status":"publish","type":"post","link":"https:\/\/www.radiopresidenteibanez.cl\/web\/consejo-regional-presento-al-intendente-sus-prioridades-en-torno-a-las-necesidades-del-territorio\/","title":{"rendered":"CONSEJO REGIONAL PRESENT\u00d3 AL INTENDENTE SUS PRIORIDADES EN TORNO A LAS NECESIDADES DEL TERRITORIO"},"content":{"rendered":"\n<p> Como una manera de iniciar el trabajo conjunto con el Ejecutivo, los integrantes del Consejo Regional sostuvieron el primer encuentro oficial con el intendente de Magallanes y Ant\u00e1rtica Chilena, Jos\u00e9 Fern\u00e1ndez, reuni\u00f3n en la cual le plantearon sus respectivas visiones respecto a las principales necesidades de la comunidad.<\/p>\n\n\n\n<p>\u201c\u00c9sta era una reuni\u00f3n que fue esperada con muchas expectativas por parte del Consejo Regional, con el intendente de Magallanes, y creo que se dieron resultados importantes. Uno de ellos, fue coincidir en la construcci\u00f3n de una agenda com\u00fan, de tal forma que podamos opinar y tener intercambio de opiniones respecto a proyectos espec\u00edficos, pero lo que yo m\u00e1s valoro, es la construcci\u00f3n de lo que hemos llamado una carta de navegaci\u00f3n\u201d, afirm\u00f3 el presidente del Consejo Regional, Tolentino Soto.<\/p>\n\n\n\n<p>El representante del Cuerpo Colegiado agreg\u00f3 que, si bien entienden que el intendente debe cumplir la agenda presidencial, ellos plantearon la importancia de ir regionalizando algunos temas. \u201cPor ejemplo, en materia habitacional existe preocupaci\u00f3n para demostrar que efectivamente, esta regi\u00f3n es distinta a otras, y en ese contexto se requiere que haya una manera distinta de abordar el tema de la construcci\u00f3n de viviendas sociales, fundamentalmente. <\/p>\n\n\n\n<p>Encontramos que hoy es muy caro el recurso que se invierte, hay temas como las construcciones de viviendas pareadas o cuadripareos, que no est\u00e1 en la cultura ni en la historia de los magall\u00e1nicos\u201d, apunt\u00f3 Soto Espa\u00f1a, agregando que se plante\u00f3 la necesidad de buscar la forma para hacer un programa de vivienda distinto.<\/p>\n\n\n\n<p>Otros temas planteados como relevantes, fue la necesidad de continuar avanzando en materia de conectividad, de habilitar nuevos caminos; la importancia de darle relevancia a los adultos mayores con hechos concretos. <\/p>\n\n\n\n<p>\u201cYo lo que rescato es que el intendente es una persona que pudo recepcionar las inquietudes del Consejo Regional y esto significa tener un mismo lenguaje, coincidir en que todas las provincias deber\u00edan tener sus proyectos \u2018estrella\u2019, que traigan consigo polos de desarrollo, porque todos los Gobiernos hacen cosas, pavimentos, hacen casas, pero es necesario invertir en aquellos proyectos que alg\u00fan tipo de crecimiento y desarrollo traen a la provincia y a la regi\u00f3n\u201d, indic\u00f3 el presidente del Consejo Regional.<\/p>\n\n\n\n<p>Durante el encuentro se acord\u00f3 en que se realizar\u00e1 una reuni\u00f3n mensual en la que participar\u00e1 todo el Consejo Regional, para ir reevaluando la agenda de proyectos que se trabajar\u00e1n durante el a\u00f1o.\u00a0<\/p>\n\n\n\n<figure class=\"wp-block-image\"><img loading=\"lazy\" decoding=\"async\" width=\"1024\" height=\"682\" src=\"https:\/\/www.radiopresidenteibanez.cl\/web\/wp-content\/uploads\/2019\/03\/REUNION-CORE-INTENDENTE-1024x682.jpeg\" alt=\"\" class=\"wp-image-2193\" srcset=\"https:\/\/www.radiopresidenteibanez.cl\/web\/wp-content\/uploads\/2019\/03\/REUNION-CORE-INTENDENTE-1024x682.jpeg 1024w, https:\/\/www.radiopresidenteibanez.cl\/web\/wp-content\/uploads\/2019\/03\/REUNION-CORE-INTENDENTE-300x200.jpeg 300w, https:\/\/www.radiopresidenteibanez.cl\/web\/wp-content\/uploads\/2019\/03\/REUNION-CORE-INTENDENTE-768x512.jpeg 768w, https:\/\/www.radiopresidenteibanez.cl\/web\/wp-content\/uploads\/2019\/03\/REUNION-CORE-INTENDENTE.jpeg 1280w\" sizes=\"auto, (max-width: 1024px) 100vw, 1024px\" \/><\/figure>\n","protected":false},"excerpt":{"rendered":"<p>Como una manera de iniciar el trabajo conjunto con el Ejecutivo, los integrantes del Consejo Regional sostuvieron el primer encuentro oficial con el intendente de Magallanes y Ant\u00e1rtica Chilena, Jos\u00e9&#8230; <a class=\"read-more\" href=\"https:\/\/www.radiopresidenteibanez.cl\/web\/consejo-regional-presento-al-intendente-sus-prioridades-en-torno-a-las-necesidades-del-territorio\/\">Leer m\u00e1s<\/a><\/p>\n","protected":false},"author":2,"featured_media":2193,"comment_status":"closed","ping_status":"closed","sticky":false,"template":"","format":"standard","meta":{"footnotes":""},"categories":[5],"tags":[],"class_list":["post-2192","post","type-post","status-publish","format-standard","has-post-thumbnail","hentry","category-politica"],"_links":{"self":[{"href":"https:\/\/www.radiopresidenteibanez.cl\/web\/wp-json\/wp\/v2\/posts\/2192","targetHints":{"allow":["GET"]}}],"collection":[{"href":"https:\/\/www.radiopresidenteibanez.cl\/web\/wp-json\/wp\/v2\/posts"}],"about":[{"href":"https:\/\/www.radiopresidenteibanez.cl\/web\/wp-json\/wp\/v2\/types\/post"}],"author":[{"embeddable":true,"href":"https:\/\/www.radiopresidenteibanez.cl\/web\/wp-json\/wp\/v2\/users\/2"}],"replies":[{"embeddable":true,"href":"https:\/\/www.radiopresidenteibanez.cl\/web\/wp-json\/wp\/v2\/comments?post=2192"}],"version-history":[{"count":0,"href":"https:\/\/www.radiopresidenteibanez.cl\/web\/wp-json\/wp\/v2\/posts\/2192\/revisions"}],"wp:featuredmedia":[{"embeddable":true,"href":"https:\/\/www.radiopresidenteibanez.cl\/web\/wp-json\/wp\/v2\/media\/2193"}],"wp:attachment":[{"href":"https:\/\/www.radiopresidenteibanez.cl\/web\/wp-json\/wp\/v2\/media?parent=2192"}],"wp:term":[{"taxonomy":"category","embeddable":true,"href":"https:\/\/www.radiopresidenteibanez.cl\/web\/wp-json\/wp\/v2\/categories?post=2192"},{"taxonomy":"post_tag","embeddable":true,"href":"https:\/\/www.radiopresidenteibanez.cl\/web\/wp-json\/wp\/v2\/tags?post=2192"}],"curies":[{"name":"wp","href":"https:\/\/api.w.org\/{rel}","templated":true}]}}