{"id":219,"date":"2019-01-04T14:15:12","date_gmt":"2019-01-04T14:15:12","guid":{"rendered":"http:\/\/www.radiopresidenteibanez.cl\/web\/?p=219"},"modified":"2019-01-04T14:15:40","modified_gmt":"2019-01-04T14:15:40","slug":"violentos-ataques-contra-personas-gay-en-valparaiso-y-magallanes","status":"publish","type":"post","link":"https:\/\/www.radiopresidenteibanez.cl\/web\/violentos-ataques-contra-personas-gay-en-valparaiso-y-magallanes\/","title":{"rendered":"VIOLENTOS ATAQUES CONTRA PERSONAS GAY EN VALPARAISO Y MAGALLANES"},"content":{"rendered":"\n<p>En Laguna Verde a un joven le apagaron cigarros en sus manos, le pisaron los genitales y golpearon su cabeza con una piedra. En tanto, en Porvenir un hombre fue sumergido en una tina con agua caliente, permaneciendo en riego vital.<\/p>\n\n\n\n<p>El Movimiento de Integraci\u00f3n y Liberaci\u00f3n Homosexual (Movilh) denunci\u00f3 y repudi\u00f3 hoy dos \u201cviolentos ataques\u201d propinados a personas gays en la comuna Porvenir de Magallanes y en Laguna Verde de Valpara\u00edso, al tiempo que llam\u00f3 a las autoridades locales a prestar colaboraci\u00f3n y ayuda a las v\u00edctimas, as\u00ed como a aplicar la Ley Zamudio contra los victimarios.<\/p>\n\n\n\n<p><strong>Porvenir<\/strong><\/p>\n\n\n\n<p>Uno de los hechos da\u00f1\u00f3 &nbsp;al suplementero&nbsp;Jos\u00e9 David Mu\u00f1oz Vargas, &nbsp;quien el pasado 1 de enero fue obligado a sentarse en una tina con agua caliente en raz\u00f3n de su orientaci\u00f3n sexual, denunciaron familiares de la v\u00edctima al Movimiento de Integraci\u00f3n y Liberaci\u00f3n (Movilh),<\/p>\n\n\n\n<p>Producto de las graves quemaduras, Mu\u00f1oz Vargas fue&nbsp;atendido de urgencia en el Hospital Marco Chamorro Iglesias, tras lo cual fue trasladado Unidad de Tratamientos Intermedios (Uti) del Hospital Cl\u00ednico de Punta Arenas, donde su estado de salud es cr\u00edtico.<\/p>\n\n\n\n<p>El abuso ocurri\u00f3 en el domicilio de la v\u00edctima, ubicado en la calle Jos\u00e9 de los Santos Mardones de Porvenir, al tiempo que es investigado&nbsp;por la&nbsp;Tercera Comisar\u00eda de Tierra del Fuego y&nbsp;&nbsp;la fiscal Wendoline Acu\u00f1a<\/p>\n\n\n\n<p>\u201cEstamos en contacto con los familiares quienes nos indican que el ataque tuvo motivaciones homof\u00f3bicas, por lo cual seguiremos prestando orientaci\u00f3n y ayuda en todo lo que deseen. Aqu\u00ed se debe investigar a fondo este atropello y aplicar la agravante de la Ley Zamudio de mantenerse la hip\u00f3tesis de un ataque de odio\u201d, dijo el dirigente del Movilh, Rolando Jim\u00e9nez.<\/p>\n\n\n\n<p>Junto con desear la pronta recuperaci\u00f3n de la v\u00edctima, el Movilh &nbsp;calific\u00f3 de &nbsp;\u201cextrema relevancia que la familia y los amigos la apoyen de manera permanente, en especial por el miedo que tiene de dar a conocer los sucedido. Despu\u00e9s del primer impacto, viene la victimizaci\u00f3n secundaria y es deber de todos contribuir a paliar sus efectos.\u201d<\/p>\n\n\n\n<p><strong>Valpara\u00edso<\/strong><\/p>\n\n\n\n<p>En tanto, un joven de 24 a\u00f1os tambi\u00e9n debi\u00f3 ser atendido en un centro de salud de Valpara\u00edso, tras padecer torturas en raz\u00f3n de su orientaci\u00f3n sexual por parte de desconocidos el pasado 1 de enero.<\/p>\n\n\n\n<p>El joven relat\u00f3 al Movilh que a eso de las 20:00 horas hizo dedo camino a las Docas, siendo llevado por dos sujetos en un autom\u00f3vil blanco.<\/p>\n\n\n\n<p>\u201cTodo iba bien hasta que el joven comenz\u00f3 a dialogar por fono con su pareja. Ah\u00ed los sujetos comenzaron a insultarlo en raz\u00f3n de su orientaci\u00f3n sexual, as\u00ed como a golpearlo y torturarlo. Es una situaci\u00f3n gave, triste y que provoca mucha impotencia\u201d, indic\u00f3 el representante de Movilh-Valpara\u00edso, Diego R\u00edos<\/p>\n\n\n\n<p>A\u00f1adi\u00f3 que la v\u00edctima fue llevada hasta Laguna Verde, donde \u201clo bajaron para torturarlo, le apagaron cigarros en las manos y le pisaron los genitales y sus manos. \u00c9l recuerda hasta el momento cuando le dieron un golpe en la cabeza con una piedra y cay\u00f3 inconsciente. Despert\u00f3 al otro d\u00eda desorientado y perdido\u201d, tras lo cual fue a un centro de salud.<\/p>\n\n\n\n<p>\u201cLlamamos a las autoridades locales a prestar ayuda a las v\u00edctimas frente a este tipo de abusos, a sensibilizar a las personas sobre la realidad LGBTI y educar a los j\u00f3venes LGBTI sobre sus derechos y sobre los peligros a los que se enfrentan, de manera de prevenir m\u00e1s abusos\u201d, finaliz\u00f3 R\u00edos.<\/p>\n","protected":false},"excerpt":{"rendered":"<p>En Laguna Verde a un joven le apagaron cigarros en sus manos, le pisaron los genitales y golpearon su cabeza con una piedra. En tanto, en Porvenir un hombre fue&#8230; <a class=\"read-more\" href=\"https:\/\/www.radiopresidenteibanez.cl\/web\/violentos-ataques-contra-personas-gay-en-valparaiso-y-magallanes\/\">Leer m\u00e1s<\/a><\/p>\n","protected":false},"author":2,"featured_media":220,"comment_status":"closed","ping_status":"closed","sticky":false,"template":"","format":"standard","meta":{"footnotes":""},"categories":[1],"tags":[],"class_list":["post-219","post","type-post","status-publish","format-standard","has-post-thumbnail","hentry","category-cronica"],"_links":{"self":[{"href":"https:\/\/www.radiopresidenteibanez.cl\/web\/wp-json\/wp\/v2\/posts\/219","targetHints":{"allow":["GET"]}}],"collection":[{"href":"https:\/\/www.radiopresidenteibanez.cl\/web\/wp-json\/wp\/v2\/posts"}],"about":[{"href":"https:\/\/www.radiopresidenteibanez.cl\/web\/wp-json\/wp\/v2\/types\/post"}],"author":[{"embeddable":true,"href":"https:\/\/www.radiopresidenteibanez.cl\/web\/wp-json\/wp\/v2\/users\/2"}],"replies":[{"embeddable":true,"href":"https:\/\/www.radiopresidenteibanez.cl\/web\/wp-json\/wp\/v2\/comments?post=219"}],"version-history":[{"count":0,"href":"https:\/\/www.radiopresidenteibanez.cl\/web\/wp-json\/wp\/v2\/posts\/219\/revisions"}],"wp:featuredmedia":[{"embeddable":true,"href":"https:\/\/www.radiopresidenteibanez.cl\/web\/wp-json\/wp\/v2\/media\/220"}],"wp:attachment":[{"href":"https:\/\/www.radiopresidenteibanez.cl\/web\/wp-json\/wp\/v2\/media?parent=219"}],"wp:term":[{"taxonomy":"category","embeddable":true,"href":"https:\/\/www.radiopresidenteibanez.cl\/web\/wp-json\/wp\/v2\/categories?post=219"},{"taxonomy":"post_tag","embeddable":true,"href":"https:\/\/www.radiopresidenteibanez.cl\/web\/wp-json\/wp\/v2\/tags?post=219"}],"curies":[{"name":"wp","href":"https:\/\/api.w.org\/{rel}","templated":true}]}}