{"id":21815,"date":"2021-06-25T18:30:00","date_gmt":"2021-06-25T21:30:00","guid":{"rendered":"https:\/\/www.radiopresidenteibanez.cl\/web\/?p=21815"},"modified":"2021-06-25T17:32:55","modified_gmt":"2021-06-25T20:32:55","slug":"rezagados-de-26-anos-y-mas-podran-vacunarse-en-la-escuela-manuel-bulnes-este-sabado-y-domingo","status":"publish","type":"post","link":"https:\/\/www.radiopresidenteibanez.cl\/web\/rezagados-de-26-anos-y-mas-podran-vacunarse-en-la-escuela-manuel-bulnes-este-sabado-y-domingo\/","title":{"rendered":"REZAGADOS DE 26 A\u00d1OS Y M\u00c1S PODR\u00c1N VACUNARSE EN LA ESCUELA MANUEL BULNES ESTE S\u00c1BADO Y DOMINGO"},"content":{"rendered":"\n<p>Todos quienes no han cumplido con la segunda dosis en vacuna contra Covid-19, podr\u00e1n asistir a la Escuela Manuel Bulnes, durante este fin de semana, donde se realizara atenci\u00f3n especial a todos quienes est\u00e9n dentro de los grupos objetivos denominados rezagados<\/p>\n\n\n\n<p>S\u00e1bado  y Domingo de 10:00 a 14:00 horas en Pedro Aguirre Cerda #35, ser\u00e1 la atenci\u00f3n para quienes tengan 26 a\u00f1os y mas<\/p>\n","protected":false},"excerpt":{"rendered":"<p>Todos quienes no han cumplido con la segunda dosis en vacuna contra Covid-19, podr\u00e1n asistir a la Escuela Manuel Bulnes, durante este fin de semana, donde se realizara atenci\u00f3n especial&#8230; <a class=\"read-more\" href=\"https:\/\/www.radiopresidenteibanez.cl\/web\/rezagados-de-26-anos-y-mas-podran-vacunarse-en-la-escuela-manuel-bulnes-este-sabado-y-domingo\/\">Leer m\u00e1s<\/a><\/p>\n","protected":false},"author":2,"featured_media":21816,"comment_status":"closed","ping_status":"closed","sticky":false,"template":"","format":"standard","meta":{"footnotes":""},"categories":[1],"tags":[],"class_list":["post-21815","post","type-post","status-publish","format-standard","has-post-thumbnail","hentry","category-cronica"],"_links":{"self":[{"href":"https:\/\/www.radiopresidenteibanez.cl\/web\/wp-json\/wp\/v2\/posts\/21815","targetHints":{"allow":["GET"]}}],"collection":[{"href":"https:\/\/www.radiopresidenteibanez.cl\/web\/wp-json\/wp\/v2\/posts"}],"about":[{"href":"https:\/\/www.radiopresidenteibanez.cl\/web\/wp-json\/wp\/v2\/types\/post"}],"author":[{"embeddable":true,"href":"https:\/\/www.radiopresidenteibanez.cl\/web\/wp-json\/wp\/v2\/users\/2"}],"replies":[{"embeddable":true,"href":"https:\/\/www.radiopresidenteibanez.cl\/web\/wp-json\/wp\/v2\/comments?post=21815"}],"version-history":[{"count":0,"href":"https:\/\/www.radiopresidenteibanez.cl\/web\/wp-json\/wp\/v2\/posts\/21815\/revisions"}],"wp:featuredmedia":[{"embeddable":true,"href":"https:\/\/www.radiopresidenteibanez.cl\/web\/wp-json\/wp\/v2\/media\/21816"}],"wp:attachment":[{"href":"https:\/\/www.radiopresidenteibanez.cl\/web\/wp-json\/wp\/v2\/media?parent=21815"}],"wp:term":[{"taxonomy":"category","embeddable":true,"href":"https:\/\/www.radiopresidenteibanez.cl\/web\/wp-json\/wp\/v2\/categories?post=21815"},{"taxonomy":"post_tag","embeddable":true,"href":"https:\/\/www.radiopresidenteibanez.cl\/web\/wp-json\/wp\/v2\/tags?post=21815"}],"curies":[{"name":"wp","href":"https:\/\/api.w.org\/{rel}","templated":true}]}}