{"id":21688,"date":"2021-06-21T11:01:44","date_gmt":"2021-06-21T14:01:44","guid":{"rendered":"https:\/\/www.radiopresidenteibanez.cl\/web\/?p=21688"},"modified":"2021-06-21T11:01:48","modified_gmt":"2021-06-21T14:01:48","slug":"narvaez-versus-boric","status":"publish","type":"post","link":"https:\/\/www.radiopresidenteibanez.cl\/web\/narvaez-versus-boric\/","title":{"rendered":"\u00bfNARVAEZ VERSUS BORIC?"},"content":{"rendered":"\n<p>Esta semana el diputado Gabriel Boric, el ex l\u00edder estudiantil de 2011, y referente del Frente Amplio, lanz\u00f3 su campa\u00f1a para llegar a La Moneda. El joven pol\u00edtico magall\u00e1nico se enfrentar\u00e1 en primarias al candidato comunista Daniel Jadue, en lo que ser\u00e1 una medici\u00f3n entre el centenario partido de izquierda, y un movimiento pol\u00edtico, que aspira a reemplazarlo. Cuando se esperar\u00eda un debate de ideas, confrontar proyectos de futuro, lo que mas sale en la prensa, son las declaraciones o frases, que irritan o polarizan. Nuestro coterr\u00e1neo, ha sido valiente, ha enfrentado el desaf\u00edo de renovar el discurso, de tratar de refrescar los viejos debates, pero enfrenta a la tradici\u00f3n hist\u00f3rica de la izquierda. Aquella que no s\u00f3lo no se renov\u00f3, sino que sigue anclada en los a\u00f1os de la guerra fr\u00eda. Aquella que, en una falsa lealtad a sus principios, se niega a condenar las violaciones a los DDHH, cuando se producen en reg\u00edmenes, con los que simpatizan. En una iron\u00eda del destino, la primera vez que la izquierda por s\u00ed sola, aspira a la mas alta magistratura, lo hace con su versi\u00f3n m\u00e1s conservadora. En ese contexto, parte de las propuestas de Gabriel Boric, lo distinguen con ventaja de su contrincante. Sin embargo, como pudimos apreciar en la disputa por la gobernaci\u00f3n metropolitana, una parte significativa del Frente Amplio, no se diferencia sustantivamente, del partido comunista.<\/p>\n\n\n\n<p>En retrospectiva, el error del PC\/FA de excluir de su primaria al centro izquierda, produjo un da\u00f1o inmediato a la calidad del debate democr\u00e1tico. La contraposici\u00f3n de proyectos pol\u00edticos, hubiera enriquecido una disputa presidencial, que la izquierda conservadora, intenta llevar una y otra vez, al pasado. Teniendo la oportunidad de aportar las mejores ideas de futuro, el debate instalado, es sobre el per\u00edodo de recuperaci\u00f3n democr\u00e1tica. De alg\u00fan modo, la que fue durante 20 a\u00f1os, la \u201cizquierda extraparlamentaria\u201d, intenta ajustar cuentas con la historia, en un ejercicio est\u00e9ril e improducente. Lo que Chile espera de sus liderazgos, es que le muestren expectativas de futuro, no que sigan mirando un pasado, que no interpreta a la poblaci\u00f3n com\u00fan y corriente. <\/p>\n\n\n\n<p>La candidata del socialismo democr\u00e1tico, Paula Narv\u00e1ez, es la que tiene mejor chance de captar el voto de la izquierda en segunda vuelta.\u00a0 Los resultados electorales del Partido Socialista en concejales, alcaldes, gobernadores regionales y en convencionales constituyentes, demuestran su adhesi\u00f3n popular. Pero este respaldo debe ratificarse en una primaria, donde sean las personas quienes decidan, quien representar\u00e1 al sector en noviembre. Debe efectuarse una primaria convencional, y no puede dilatarse m\u00e1s la decisi\u00f3n de la falange.<\/p>\n\n\n\n<p>Reitero desde ac\u00e1 mi felicitaci\u00f3n a nuestro joven pol\u00edtico magall\u00e1nico Gabriel Boric, desde luego yo no participo de su primaria, pero me gustar\u00eda mucho verlo en noviembre, enfrentando a Paula Narv\u00e1ez, la candidata de la centro izquierda. Ser\u00eda bueno para el proceso pol\u00edtico chileno, que se pudiera debatir estos dos proyectos pol\u00edticos. Con ideas de futuro, mirando el Chile de los pr\u00f3ximos 50 a\u00f1os, y no mirando los a\u00f1os 60\u2019, y un pasado que ya nadie puede alterar.<\/p>\n\n\n\n<p>Ernesto Sep\u00falveda Tornero<\/p>\n","protected":false},"excerpt":{"rendered":"<p>Esta semana el diputado Gabriel Boric, el ex l\u00edder estudiantil de 2011, y referente del Frente Amplio, lanz\u00f3 su campa\u00f1a para llegar a La Moneda. El joven pol\u00edtico magall\u00e1nico se&#8230; <a class=\"read-more\" href=\"https:\/\/www.radiopresidenteibanez.cl\/web\/narvaez-versus-boric\/\">Leer m\u00e1s<\/a><\/p>\n","protected":false},"author":2,"featured_media":21689,"comment_status":"closed","ping_status":"closed","sticky":false,"template":"","format":"standard","meta":{"footnotes":""},"categories":[73,1],"tags":[],"class_list":["post-21688","post","type-post","status-publish","format-standard","has-post-thumbnail","hentry","category-columna-opinion","category-cronica"],"_links":{"self":[{"href":"https:\/\/www.radiopresidenteibanez.cl\/web\/wp-json\/wp\/v2\/posts\/21688","targetHints":{"allow":["GET"]}}],"collection":[{"href":"https:\/\/www.radiopresidenteibanez.cl\/web\/wp-json\/wp\/v2\/posts"}],"about":[{"href":"https:\/\/www.radiopresidenteibanez.cl\/web\/wp-json\/wp\/v2\/types\/post"}],"author":[{"embeddable":true,"href":"https:\/\/www.radiopresidenteibanez.cl\/web\/wp-json\/wp\/v2\/users\/2"}],"replies":[{"embeddable":true,"href":"https:\/\/www.radiopresidenteibanez.cl\/web\/wp-json\/wp\/v2\/comments?post=21688"}],"version-history":[{"count":0,"href":"https:\/\/www.radiopresidenteibanez.cl\/web\/wp-json\/wp\/v2\/posts\/21688\/revisions"}],"wp:featuredmedia":[{"embeddable":true,"href":"https:\/\/www.radiopresidenteibanez.cl\/web\/wp-json\/wp\/v2\/media\/21689"}],"wp:attachment":[{"href":"https:\/\/www.radiopresidenteibanez.cl\/web\/wp-json\/wp\/v2\/media?parent=21688"}],"wp:term":[{"taxonomy":"category","embeddable":true,"href":"https:\/\/www.radiopresidenteibanez.cl\/web\/wp-json\/wp\/v2\/categories?post=21688"},{"taxonomy":"post_tag","embeddable":true,"href":"https:\/\/www.radiopresidenteibanez.cl\/web\/wp-json\/wp\/v2\/tags?post=21688"}],"curies":[{"name":"wp","href":"https:\/\/api.w.org\/{rel}","templated":true}]}}