{"id":21673,"date":"2021-06-20T12:05:24","date_gmt":"2021-06-20T15:05:24","guid":{"rendered":"https:\/\/www.radiopresidenteibanez.cl\/web\/?p=21673"},"modified":"2021-06-20T15:13:08","modified_gmt":"2021-06-20T18:13:08","slug":"pesar-por-fallecimiento-de-destacado-dirigente-de-los-derechos-humanos-y-militante-del-partido-comunista-francisco-alarcon-barrientos","status":"publish","type":"post","link":"https:\/\/www.radiopresidenteibanez.cl\/web\/pesar-por-fallecimiento-de-destacado-dirigente-de-los-derechos-humanos-y-militante-del-partido-comunista-francisco-alarcon-barrientos\/","title":{"rendered":"PESAR POR FALLECIMIENTO DE DESTACADO DIRIGENTE DE LOS DERECHOS HUMANOS Y MILITANTE DEL PARTIDO COMUNISTA FRANCISCO ALARC\u00d3N BARRIENTOS"},"content":{"rendered":"\n<p>Pesar ha causado en la comunidad en general cercana al mundo pol\u00edtico y de derechos humanos y sindicales el fallecimiento del destacado dirigente Francisco Alarc\u00f3n Barrientos<\/p>\n\n\n\n<figure class=\"wp-block-image size-large\"><img loading=\"lazy\" decoding=\"async\" width=\"1024\" height=\"768\" src=\"https:\/\/www.radiopresidenteibanez.cl\/web\/wp-content\/uploads\/2021\/06\/40-A\u00d1OS-002-1024x768.jpg\" alt=\"\" class=\"wp-image-21676\" srcset=\"https:\/\/www.radiopresidenteibanez.cl\/web\/wp-content\/uploads\/2021\/06\/40-A\u00d1OS-002-1024x768.jpg 1024w, https:\/\/www.radiopresidenteibanez.cl\/web\/wp-content\/uploads\/2021\/06\/40-A\u00d1OS-002-300x225.jpg 300w, https:\/\/www.radiopresidenteibanez.cl\/web\/wp-content\/uploads\/2021\/06\/40-A\u00d1OS-002-768x576.jpg 768w, https:\/\/www.radiopresidenteibanez.cl\/web\/wp-content\/uploads\/2021\/06\/40-A\u00d1OS-002-1536x1152.jpg 1536w, https:\/\/www.radiopresidenteibanez.cl\/web\/wp-content\/uploads\/2021\/06\/40-A\u00d1OS-002-2048x1536.jpg 2048w\" sizes=\"auto, (max-width: 1024px) 100vw, 1024px\" \/><\/figure>\n\n\n\n\n\n\n\n<p>El Partido Comunista de Magallanes, con profundo pesar informa el fallecimiento del destacado militante, dirigente partidario, sindicalista y luchador social, compa\u00f1ero Francisco Alarc\u00f3n Barrientos. Su deceso se produjo anoche en el centro asistencial donde se encontraba internado.<br>Con profundo agradecimiento inclinamos nuestras banderas para saludar el ejemplo de vida del compa\u00f1ero Pancho Alarc\u00f3n, su compromiso y dedicaci\u00f3n a las luchas del Pueblo y los trabajadores, su incansable lucha en la promoci\u00f3n y defensa de los DD.HH.. Con orgullo recordamos su dilatada trayectoria militante, que lo mantuvo hasta sus \u00faltimos a\u00f1os entregado a tareas partidarias, por lo que fuera reconocido el a\u00f1o 2018 con la Medalla Luis Emilio Recabarren, m\u00e1xima distinci\u00f3n que entrega nuestro Comit\u00e9 Central.<\/p>\n\n\n\n<p><br>Invitamos a militantes y amigas\/os del Partido, y a la comunidad toda, cautelando las correspondientes medidas sanitarias, a acompa\u00f1ar el recorrido de la caravana vehicular que saldr\u00e1 del Hospital Clinico de Magallanes hoy a las 15.30hrs., con destino a la sede de nuestro Partido (Chilo\u00e9 1258), desde donde escoltaremos el cortejo f\u00fanebre hasta el Cementerio Municipal, lugar en que a las 16.30hrs. junto a la familia rendiremos merecido homenaje a nuestro compa\u00f1ero.<br>Despedimos a un comunista cabal, luchador incansable, y sobre todo a un hombre fundamental para la historia de nuestra regi\u00f3n.<br>Vaya nuestro afecto solidario y sentidas condolencias para su familia en este doloroso momento.<\/p>\n\n\n\n<p><br><\/p>\n\n\n\n<p>Compa\u00f1ero Francisco Alarc\u00f3n Barrientos, \u00a1Presente!<br>\u00a1Honor y gloria a los que luchan!<br>Vivir\u00e1s por siempre en la memoria del Pueblo<\/p>\n","protected":false},"excerpt":{"rendered":"<p>Pesar ha causado en la comunidad en general cercana al mundo pol\u00edtico y de derechos humanos y sindicales el fallecimiento del destacado dirigente Francisco Alarc\u00f3n Barrientos El Partido Comunista de&#8230; <a class=\"read-more\" href=\"https:\/\/www.radiopresidenteibanez.cl\/web\/pesar-por-fallecimiento-de-destacado-dirigente-de-los-derechos-humanos-y-militante-del-partido-comunista-francisco-alarcon-barrientos\/\">Leer m\u00e1s<\/a><\/p>\n","protected":false},"author":2,"featured_media":21674,"comment_status":"closed","ping_status":"closed","sticky":false,"template":"","format":"standard","meta":{"footnotes":""},"categories":[1],"tags":[],"class_list":["post-21673","post","type-post","status-publish","format-standard","has-post-thumbnail","hentry","category-cronica"],"_links":{"self":[{"href":"https:\/\/www.radiopresidenteibanez.cl\/web\/wp-json\/wp\/v2\/posts\/21673","targetHints":{"allow":["GET"]}}],"collection":[{"href":"https:\/\/www.radiopresidenteibanez.cl\/web\/wp-json\/wp\/v2\/posts"}],"about":[{"href":"https:\/\/www.radiopresidenteibanez.cl\/web\/wp-json\/wp\/v2\/types\/post"}],"author":[{"embeddable":true,"href":"https:\/\/www.radiopresidenteibanez.cl\/web\/wp-json\/wp\/v2\/users\/2"}],"replies":[{"embeddable":true,"href":"https:\/\/www.radiopresidenteibanez.cl\/web\/wp-json\/wp\/v2\/comments?post=21673"}],"version-history":[{"count":0,"href":"https:\/\/www.radiopresidenteibanez.cl\/web\/wp-json\/wp\/v2\/posts\/21673\/revisions"}],"wp:featuredmedia":[{"embeddable":true,"href":"https:\/\/www.radiopresidenteibanez.cl\/web\/wp-json\/wp\/v2\/media\/21674"}],"wp:attachment":[{"href":"https:\/\/www.radiopresidenteibanez.cl\/web\/wp-json\/wp\/v2\/media?parent=21673"}],"wp:term":[{"taxonomy":"category","embeddable":true,"href":"https:\/\/www.radiopresidenteibanez.cl\/web\/wp-json\/wp\/v2\/categories?post=21673"},{"taxonomy":"post_tag","embeddable":true,"href":"https:\/\/www.radiopresidenteibanez.cl\/web\/wp-json\/wp\/v2\/tags?post=21673"}],"curies":[{"name":"wp","href":"https:\/\/api.w.org\/{rel}","templated":true}]}}