{"id":21595,"date":"2021-06-19T15:07:35","date_gmt":"2021-06-19T18:07:35","guid":{"rendered":"https:\/\/www.radiopresidenteibanez.cl\/web\/?p=21595"},"modified":"2021-06-19T15:27:17","modified_gmt":"2021-06-19T18:27:17","slug":"ministerio-de-la-mujer-y-la-equidad-de-genero-inaugura-nuevas-dependencias-en-la-region","status":"publish","type":"post","link":"https:\/\/www.radiopresidenteibanez.cl\/web\/ministerio-de-la-mujer-y-la-equidad-de-genero-inaugura-nuevas-dependencias-en-la-region\/","title":{"rendered":"MINISTERIO DE LA MUJER Y LA EQUIDAD DE G\u00c9NERO INAUGURA NUEVAS DEPENDENCIAS EN LA REGI\u00d3N"},"content":{"rendered":"\n<p><\/p>\n\n\n\n<p><\/p>\n\n\n\n<p>Con la presencia de la subsecretaria de la cartera Mar\u00eda\nJos\u00e9 Abud, la Seremi Daisy Carrera Ocaranza y autoridades regionales se realiz\u00f3\nla ceremonia de apertura de las nuevas instalaciones de la Secretar\u00eda Regional\ndel Ministerio de la Mujer y la Equidad de G\u00e9nero en Magallanes. Las oficinas\nest\u00e1n ubicadas en calle Jos\u00e9 Nogueira 1370 y seg\u00fan explic\u00f3 la Seremi Daisy\nCarrera \u201ces un avance importante pues brindar\u00e1 mayor comodidad y privacidad\nmejorando la calidad de atenci\u00f3n de las usuarias y facilitar\u00e1 el trabajo del\npersonal.\u201d<\/p>\n\n\n\n<p>Agreg\u00f3 que \u201ccabe destacar el apoyo brindado por la Ministra\nM\u00f3nica Zalaquett, la Subsecretaria Mar\u00eda Jos\u00e9 Abud y todo el equipo nacional y\nregional que hicieron posible este logro\u201d.<\/p>\n\n\n\n<p>Las nuevas instalaciones cuentan con dependencias para la atenci\u00f3n de usuarias y p\u00fablico en general, con espacio para el cuidado de los ni\u00f1os y con una sala con las condiciones apropiadas para la atenci\u00f3n de mujeres que viven violencia. <\/p>\n\n\n\n<figure class=\"wp-block-gallery columns-3 is-cropped wp-block-gallery-1 is-layout-flex wp-block-gallery-is-layout-flex\"><ul class=\"blocks-gallery-grid\"><li class=\"blocks-gallery-item\"><figure><img loading=\"lazy\" decoding=\"async\" width=\"1024\" height=\"574\" src=\"https:\/\/www.radiopresidenteibanez.cl\/web\/wp-content\/uploads\/2021\/06\/photo_2021-06-18_21-11-08-1024x574.jpg\" alt=\"\" data-id=\"21620\" class=\"wp-image-21620\" srcset=\"https:\/\/www.radiopresidenteibanez.cl\/web\/wp-content\/uploads\/2021\/06\/photo_2021-06-18_21-11-08-1024x574.jpg 1024w, https:\/\/www.radiopresidenteibanez.cl\/web\/wp-content\/uploads\/2021\/06\/photo_2021-06-18_21-11-08-300x168.jpg 300w, https:\/\/www.radiopresidenteibanez.cl\/web\/wp-content\/uploads\/2021\/06\/photo_2021-06-18_21-11-08-768x431.jpg 768w, https:\/\/www.radiopresidenteibanez.cl\/web\/wp-content\/uploads\/2021\/06\/photo_2021-06-18_21-11-08.jpg 1280w\" sizes=\"auto, (max-width: 1024px) 100vw, 1024px\" \/><\/figure><\/li><li class=\"blocks-gallery-item\"><figure><img loading=\"lazy\" decoding=\"async\" width=\"1024\" height=\"574\" src=\"https:\/\/www.radiopresidenteibanez.cl\/web\/wp-content\/uploads\/2021\/06\/Alejandra-Ruiz-1-1024x574.jpg\" alt=\"\" data-id=\"21642\" data-link=\"https:\/\/www.radiopresidenteibanez.cl\/web\/?attachment_id=21642\" class=\"wp-image-21642\" srcset=\"https:\/\/www.radiopresidenteibanez.cl\/web\/wp-content\/uploads\/2021\/06\/Alejandra-Ruiz-1-1024x574.jpg 1024w, https:\/\/www.radiopresidenteibanez.cl\/web\/wp-content\/uploads\/2021\/06\/Alejandra-Ruiz-1-300x168.jpg 300w, https:\/\/www.radiopresidenteibanez.cl\/web\/wp-content\/uploads\/2021\/06\/Alejandra-Ruiz-1-768x431.jpg 768w, https:\/\/www.radiopresidenteibanez.cl\/web\/wp-content\/uploads\/2021\/06\/Alejandra-Ruiz-1.jpg 1280w\" sizes=\"auto, (max-width: 1024px) 100vw, 1024px\" \/><\/figure><\/li><li class=\"blocks-gallery-item\"><figure><img loading=\"lazy\" decoding=\"async\" width=\"1024\" height=\"574\" src=\"https:\/\/www.radiopresidenteibanez.cl\/web\/wp-content\/uploads\/2021\/06\/Inauguracion-1-1024x574.jpg\" alt=\"\" data-id=\"21643\" data-link=\"https:\/\/www.radiopresidenteibanez.cl\/web\/?attachment_id=21643\" class=\"wp-image-21643\" srcset=\"https:\/\/www.radiopresidenteibanez.cl\/web\/wp-content\/uploads\/2021\/06\/Inauguracion-1-1024x574.jpg 1024w, https:\/\/www.radiopresidenteibanez.cl\/web\/wp-content\/uploads\/2021\/06\/Inauguracion-1-300x168.jpg 300w, https:\/\/www.radiopresidenteibanez.cl\/web\/wp-content\/uploads\/2021\/06\/Inauguracion-1-768x431.jpg 768w, https:\/\/www.radiopresidenteibanez.cl\/web\/wp-content\/uploads\/2021\/06\/Inauguracion-1.jpg 1280w\" sizes=\"auto, (max-width: 1024px) 100vw, 1024px\" \/><\/figure><\/li><li class=\"blocks-gallery-item\"><figure><img loading=\"lazy\" decoding=\"async\" width=\"1024\" height=\"574\" src=\"https:\/\/www.radiopresidenteibanez.cl\/web\/wp-content\/uploads\/2021\/06\/Inauguracion-2-1-1024x574.jpg\" alt=\"\" data-id=\"21644\" data-link=\"https:\/\/www.radiopresidenteibanez.cl\/web\/?attachment_id=21644\" class=\"wp-image-21644\" srcset=\"https:\/\/www.radiopresidenteibanez.cl\/web\/wp-content\/uploads\/2021\/06\/Inauguracion-2-1-1024x574.jpg 1024w, https:\/\/www.radiopresidenteibanez.cl\/web\/wp-content\/uploads\/2021\/06\/Inauguracion-2-1-300x168.jpg 300w, https:\/\/www.radiopresidenteibanez.cl\/web\/wp-content\/uploads\/2021\/06\/Inauguracion-2-1-768x431.jpg 768w, https:\/\/www.radiopresidenteibanez.cl\/web\/wp-content\/uploads\/2021\/06\/Inauguracion-2-1.jpg 1280w\" sizes=\"auto, (max-width: 1024px) 100vw, 1024px\" \/><\/figure><\/li><li class=\"blocks-gallery-item\"><figure><img loading=\"lazy\" decoding=\"async\" width=\"902\" height=\"718\" src=\"https:\/\/www.radiopresidenteibanez.cl\/web\/wp-content\/uploads\/2021\/06\/Alejandra-Ruiz-Blas-Saldivia-1.jpg\" alt=\"\" data-id=\"21645\" data-link=\"https:\/\/www.radiopresidenteibanez.cl\/web\/?attachment_id=21645\" class=\"wp-image-21645\" srcset=\"https:\/\/www.radiopresidenteibanez.cl\/web\/wp-content\/uploads\/2021\/06\/Alejandra-Ruiz-Blas-Saldivia-1.jpg 902w, https:\/\/www.radiopresidenteibanez.cl\/web\/wp-content\/uploads\/2021\/06\/Alejandra-Ruiz-Blas-Saldivia-1-300x239.jpg 300w, https:\/\/www.radiopresidenteibanez.cl\/web\/wp-content\/uploads\/2021\/06\/Alejandra-Ruiz-Blas-Saldivia-1-768x611.jpg 768w\" sizes=\"auto, (max-width: 902px) 100vw, 902px\" \/><\/figure><\/li><li class=\"blocks-gallery-item\"><figure><img loading=\"lazy\" decoding=\"async\" width=\"1024\" height=\"574\" src=\"https:\/\/www.radiopresidenteibanez.cl\/web\/wp-content\/uploads\/2021\/06\/Maria-Elena-Palacios-3-1024x574.jpg\" alt=\"\" data-id=\"21665\" data-full-url=\"https:\/\/www.radiopresidenteibanez.cl\/web\/wp-content\/uploads\/2021\/06\/Maria-Elena-Palacios-3.jpg\" data-link=\"https:\/\/www.radiopresidenteibanez.cl\/web\/ministerio-de-la-mujer-y-la-equidad-de-genero-inaugura-nuevas-dependencias-en-la-region\/maria-elena-palacios-3\/\" class=\"wp-image-21665\" srcset=\"https:\/\/www.radiopresidenteibanez.cl\/web\/wp-content\/uploads\/2021\/06\/Maria-Elena-Palacios-3-1024x574.jpg 1024w, https:\/\/www.radiopresidenteibanez.cl\/web\/wp-content\/uploads\/2021\/06\/Maria-Elena-Palacios-3-300x168.jpg 300w, https:\/\/www.radiopresidenteibanez.cl\/web\/wp-content\/uploads\/2021\/06\/Maria-Elena-Palacios-3-768x431.jpg 768w, https:\/\/www.radiopresidenteibanez.cl\/web\/wp-content\/uploads\/2021\/06\/Maria-Elena-Palacios-3.jpg 1280w\" sizes=\"auto, (max-width: 1024px) 100vw, 1024px\" \/><\/figure><\/li><\/ul><\/figure>\n\n\n\n<p>En su viaje a Punta Arenas, tras el saludo protocolar a la Intendenta Jennifer Rojas,  la subsecretaria Abud tambi\u00e9n asisti\u00f3 a la ceremonia donde se reconoci\u00f3 a la capit\u00e1n de ej\u00e9rcito Vanesa Rojas, quien es hasta hoy la \u00fanica piloto de avi\u00f3n de la instituci\u00f3n en el pa\u00eds. Vanesa Rojas, con apenas 36 a\u00f1os ya ha hecho una carrera funcionaria dentro de la instituci\u00f3n y su capacidad y perseverancia se impuso a los prejuicios que debe salvar toda mujer que desarrolla una labor no habitual. <\/p>\n\n\n\n<figure class=\"wp-block-gallery columns-3 is-cropped wp-block-gallery-2 is-layout-flex wp-block-gallery-is-layout-flex\"><ul class=\"blocks-gallery-grid\"><li class=\"blocks-gallery-item\"><figure><img loading=\"lazy\" decoding=\"async\" width=\"1024\" height=\"682\" src=\"https:\/\/www.radiopresidenteibanez.cl\/web\/wp-content\/uploads\/2021\/06\/Visita-Protoc-Intendenta.jpg\" alt=\"\" data-id=\"21627\" class=\"wp-image-21627\" srcset=\"https:\/\/www.radiopresidenteibanez.cl\/web\/wp-content\/uploads\/2021\/06\/Visita-Protoc-Intendenta.jpg 1024w, https:\/\/www.radiopresidenteibanez.cl\/web\/wp-content\/uploads\/2021\/06\/Visita-Protoc-Intendenta-300x200.jpg 300w, https:\/\/www.radiopresidenteibanez.cl\/web\/wp-content\/uploads\/2021\/06\/Visita-Protoc-Intendenta-768x512.jpg 768w\" sizes=\"auto, (max-width: 1024px) 100vw, 1024px\" \/><\/figure><\/li><li class=\"blocks-gallery-item\"><figure><img loading=\"lazy\" decoding=\"async\" width=\"572\" height=\"862\" src=\"https:\/\/www.radiopresidenteibanez.cl\/web\/wp-content\/uploads\/2021\/06\/Cap-Vanesa-Rojas-2.jpg\" alt=\"\" data-id=\"21646\" data-link=\"https:\/\/www.radiopresidenteibanez.cl\/web\/?attachment_id=21646\" class=\"wp-image-21646\" srcset=\"https:\/\/www.radiopresidenteibanez.cl\/web\/wp-content\/uploads\/2021\/06\/Cap-Vanesa-Rojas-2.jpg 572w, https:\/\/www.radiopresidenteibanez.cl\/web\/wp-content\/uploads\/2021\/06\/Cap-Vanesa-Rojas-2-199x300.jpg 199w\" sizes=\"auto, (max-width: 572px) 100vw, 572px\" \/><\/figure><\/li><li class=\"blocks-gallery-item\"><figure><img loading=\"lazy\" decoding=\"async\" width=\"1024\" height=\"574\" src=\"https:\/\/www.radiopresidenteibanez.cl\/web\/wp-content\/uploads\/2021\/06\/Ejercito-2-1024x574.jpg\" alt=\"\" data-id=\"21647\" data-link=\"https:\/\/www.radiopresidenteibanez.cl\/web\/?attachment_id=21647\" class=\"wp-image-21647\" srcset=\"https:\/\/www.radiopresidenteibanez.cl\/web\/wp-content\/uploads\/2021\/06\/Ejercito-2-1024x574.jpg 1024w, https:\/\/www.radiopresidenteibanez.cl\/web\/wp-content\/uploads\/2021\/06\/Ejercito-2-300x168.jpg 300w, https:\/\/www.radiopresidenteibanez.cl\/web\/wp-content\/uploads\/2021\/06\/Ejercito-2-768x431.jpg 768w, https:\/\/www.radiopresidenteibanez.cl\/web\/wp-content\/uploads\/2021\/06\/Ejercito-2.jpg 1280w\" sizes=\"auto, (max-width: 1024px) 100vw, 1024px\" \/><\/figure><\/li><li class=\"blocks-gallery-item\"><figure><img loading=\"lazy\" decoding=\"async\" width=\"570\" height=\"809\" src=\"https:\/\/www.radiopresidenteibanez.cl\/web\/wp-content\/uploads\/2021\/06\/Cap-Vanesa-Rojas.1-4.jpg\" alt=\"\" data-id=\"21649\" data-link=\"https:\/\/www.radiopresidenteibanez.cl\/web\/?attachment_id=21649\" class=\"wp-image-21649\" srcset=\"https:\/\/www.radiopresidenteibanez.cl\/web\/wp-content\/uploads\/2021\/06\/Cap-Vanesa-Rojas.1-4.jpg 570w, https:\/\/www.radiopresidenteibanez.cl\/web\/wp-content\/uploads\/2021\/06\/Cap-Vanesa-Rojas.1-4-211x300.jpg 211w\" sizes=\"auto, (max-width: 570px) 100vw, 570px\" \/><\/figure><\/li><li class=\"blocks-gallery-item\"><figure><img loading=\"lazy\" decoding=\"async\" width=\"1024\" height=\"574\" src=\"https:\/\/www.radiopresidenteibanez.cl\/web\/wp-content\/uploads\/2021\/06\/Ejercito1-1-1024x574.jpg\" alt=\"\" data-id=\"21651\" data-full-url=\"https:\/\/www.radiopresidenteibanez.cl\/web\/wp-content\/uploads\/2021\/06\/Ejercito1-1.jpg\" data-link=\"https:\/\/www.radiopresidenteibanez.cl\/web\/?attachment_id=21651\" class=\"wp-image-21651\" srcset=\"https:\/\/www.radiopresidenteibanez.cl\/web\/wp-content\/uploads\/2021\/06\/Ejercito1-1-1024x574.jpg 1024w, https:\/\/www.radiopresidenteibanez.cl\/web\/wp-content\/uploads\/2021\/06\/Ejercito1-1-300x168.jpg 300w, https:\/\/www.radiopresidenteibanez.cl\/web\/wp-content\/uploads\/2021\/06\/Ejercito1-1-768x431.jpg 768w, https:\/\/www.radiopresidenteibanez.cl\/web\/wp-content\/uploads\/2021\/06\/Ejercito1-1.jpg 1280w\" sizes=\"auto, (max-width: 1024px) 100vw, 1024px\" \/><\/figure><\/li><\/ul><\/figure>\n\n\n\n<p>La autoridad nacional tambi\u00e9n particip\u00f3 de un conversatorio\ncon mujeres emprendedoras que debieron reinventarse por efecto de la pandemia y\nlograron salir adelante con apoyo de recursos regionales y la asesor\u00eda del\nServicio Nacional de la Mujer, SernamEG encabezado por su directora regional\nFabiola Garc\u00eda. El recorrido tambi\u00e9n consult\u00f3 la visita a dos mujeres que, en\ndistintos \u00e1mbitos han logrado consolidar sus negocios: Juanita Igor, quien ha\nimplementado una granja en el sector de Agua Fresca, en la que trabaja en la\nesquila de ovejas y criadero de aves de corral, y Mar\u00eda Elena Palacios, quien,\nen su local de calle Chilo\u00e9 esquina Balmaceda, durante 20 a\u00f1os trabaja como\nflorista y m\u00e1s de 10 con su artesan\u00eda \u00e9tnica en arcilla magall\u00e1nica.<\/p>\n\n\n\n<div class=\"wp-block-group\"><div class=\"wp-block-group__inner-container is-layout-flow wp-block-group-is-layout-flow\">\n<figure class=\"wp-block-gallery columns-3 is-cropped wp-block-gallery-3 is-layout-flex wp-block-gallery-is-layout-flex\"><ul class=\"blocks-gallery-grid\"><li class=\"blocks-gallery-item\"><figure><img loading=\"lazy\" decoding=\"async\" width=\"1024\" height=\"634\" src=\"https:\/\/www.radiopresidenteibanez.cl\/web\/wp-content\/uploads\/2021\/06\/Conversatorio-2-1-1024x634.jpg\" alt=\"\" data-id=\"21633\" class=\"wp-image-21633\" srcset=\"https:\/\/www.radiopresidenteibanez.cl\/web\/wp-content\/uploads\/2021\/06\/Conversatorio-2-1-1024x634.jpg 1024w, https:\/\/www.radiopresidenteibanez.cl\/web\/wp-content\/uploads\/2021\/06\/Conversatorio-2-1-300x186.jpg 300w, https:\/\/www.radiopresidenteibanez.cl\/web\/wp-content\/uploads\/2021\/06\/Conversatorio-2-1-768x476.jpg 768w, https:\/\/www.radiopresidenteibanez.cl\/web\/wp-content\/uploads\/2021\/06\/Conversatorio-2-1.jpg 1280w\" sizes=\"auto, (max-width: 1024px) 100vw, 1024px\" \/><\/figure><\/li><li class=\"blocks-gallery-item\"><figure><img loading=\"lazy\" decoding=\"async\" width=\"1024\" height=\"574\" src=\"https:\/\/www.radiopresidenteibanez.cl\/web\/wp-content\/uploads\/2021\/06\/Conversatorio3-3-1024x574.jpg\" alt=\"\" data-id=\"21655\" data-link=\"https:\/\/www.radiopresidenteibanez.cl\/web\/?attachment_id=21655\" class=\"wp-image-21655\" srcset=\"https:\/\/www.radiopresidenteibanez.cl\/web\/wp-content\/uploads\/2021\/06\/Conversatorio3-3-1024x574.jpg 1024w, https:\/\/www.radiopresidenteibanez.cl\/web\/wp-content\/uploads\/2021\/06\/Conversatorio3-3-300x168.jpg 300w, https:\/\/www.radiopresidenteibanez.cl\/web\/wp-content\/uploads\/2021\/06\/Conversatorio3-3-768x431.jpg 768w, https:\/\/www.radiopresidenteibanez.cl\/web\/wp-content\/uploads\/2021\/06\/Conversatorio3-3.jpg 1280w\" sizes=\"auto, (max-width: 1024px) 100vw, 1024px\" \/><\/figure><\/li><li class=\"blocks-gallery-item\"><figure><img loading=\"lazy\" decoding=\"async\" width=\"575\" height=\"714\" src=\"https:\/\/www.radiopresidenteibanez.cl\/web\/wp-content\/uploads\/2021\/06\/Conversatorio2-3.jpg\" alt=\"\" data-id=\"21656\" data-full-url=\"https:\/\/www.radiopresidenteibanez.cl\/web\/wp-content\/uploads\/2021\/06\/Conversatorio2-3.jpg\" data-link=\"https:\/\/www.radiopresidenteibanez.cl\/web\/?attachment_id=21656\" class=\"wp-image-21656\" srcset=\"https:\/\/www.radiopresidenteibanez.cl\/web\/wp-content\/uploads\/2021\/06\/Conversatorio2-3.jpg 575w, https:\/\/www.radiopresidenteibanez.cl\/web\/wp-content\/uploads\/2021\/06\/Conversatorio2-3-242x300.jpg 242w\" sizes=\"auto, (max-width: 575px) 100vw, 575px\" \/><\/figure><\/li><\/ul><\/figure>\n<\/div><\/div>\n\n\n\n<figure class=\"wp-block-gallery columns-3 is-cropped wp-block-gallery-4 is-layout-flex wp-block-gallery-is-layout-flex\"><ul class=\"blocks-gallery-grid\"><li class=\"blocks-gallery-item\"><figure><img loading=\"lazy\" decoding=\"async\" width=\"571\" height=\"726\" src=\"https:\/\/www.radiopresidenteibanez.cl\/web\/wp-content\/uploads\/2021\/06\/Con-Juanita-Igor-3-2.jpg\" alt=\"\" data-id=\"21657\" data-link=\"https:\/\/www.radiopresidenteibanez.cl\/web\/?attachment_id=21657\" class=\"wp-image-21657\" srcset=\"https:\/\/www.radiopresidenteibanez.cl\/web\/wp-content\/uploads\/2021\/06\/Con-Juanita-Igor-3-2.jpg 571w, https:\/\/www.radiopresidenteibanez.cl\/web\/wp-content\/uploads\/2021\/06\/Con-Juanita-Igor-3-2-236x300.jpg 236w\" sizes=\"auto, (max-width: 571px) 100vw, 571px\" \/><\/figure><\/li><li class=\"blocks-gallery-item\"><figure><img loading=\"lazy\" decoding=\"async\" width=\"1024\" height=\"574\" src=\"https:\/\/www.radiopresidenteibanez.cl\/web\/wp-content\/uploads\/2021\/06\/Juanita-Igor-3-2-1024x574.jpg\" alt=\"\" data-id=\"21658\" data-link=\"https:\/\/www.radiopresidenteibanez.cl\/web\/?attachment_id=21658\" class=\"wp-image-21658\" srcset=\"https:\/\/www.radiopresidenteibanez.cl\/web\/wp-content\/uploads\/2021\/06\/Juanita-Igor-3-2-1024x574.jpg 1024w, https:\/\/www.radiopresidenteibanez.cl\/web\/wp-content\/uploads\/2021\/06\/Juanita-Igor-3-2-300x168.jpg 300w, https:\/\/www.radiopresidenteibanez.cl\/web\/wp-content\/uploads\/2021\/06\/Juanita-Igor-3-2-768x431.jpg 768w, https:\/\/www.radiopresidenteibanez.cl\/web\/wp-content\/uploads\/2021\/06\/Juanita-Igor-3-2.jpg 1280w\" sizes=\"auto, (max-width: 1024px) 100vw, 1024px\" \/><\/figure><\/li><li class=\"blocks-gallery-item\"><figure><img loading=\"lazy\" decoding=\"async\" width=\"573\" height=\"897\" src=\"https:\/\/www.radiopresidenteibanez.cl\/web\/wp-content\/uploads\/2021\/06\/Con-Juanita-Igor-2-2.jpg\" alt=\"\" data-id=\"21659\" data-link=\"https:\/\/www.radiopresidenteibanez.cl\/web\/?attachment_id=21659\" class=\"wp-image-21659\" srcset=\"https:\/\/www.radiopresidenteibanez.cl\/web\/wp-content\/uploads\/2021\/06\/Con-Juanita-Igor-2-2.jpg 573w, https:\/\/www.radiopresidenteibanez.cl\/web\/wp-content\/uploads\/2021\/06\/Con-Juanita-Igor-2-2-192x300.jpg 192w\" sizes=\"auto, (max-width: 573px) 100vw, 573px\" \/><\/figure><\/li><li class=\"blocks-gallery-item\"><figure><img loading=\"lazy\" decoding=\"async\" width=\"1024\" height=\"574\" src=\"https:\/\/www.radiopresidenteibanez.cl\/web\/wp-content\/uploads\/2021\/06\/Maria-Elena-Palacios-artesania-1024x574.jpg\" alt=\"\" data-id=\"21662\" data-link=\"https:\/\/www.radiopresidenteibanez.cl\/web\/ministerio-de-la-mujer-y-la-equidad-de-genero-inaugura-nuevas-dependencias-en-la-region\/maria-elena-palacios-artesania\/\" class=\"wp-image-21662\" srcset=\"https:\/\/www.radiopresidenteibanez.cl\/web\/wp-content\/uploads\/2021\/06\/Maria-Elena-Palacios-artesania-1024x574.jpg 1024w, https:\/\/www.radiopresidenteibanez.cl\/web\/wp-content\/uploads\/2021\/06\/Maria-Elena-Palacios-artesania-300x168.jpg 300w, https:\/\/www.radiopresidenteibanez.cl\/web\/wp-content\/uploads\/2021\/06\/Maria-Elena-Palacios-artesania-768x431.jpg 768w, https:\/\/www.radiopresidenteibanez.cl\/web\/wp-content\/uploads\/2021\/06\/Maria-Elena-Palacios-artesania.jpg 1280w\" sizes=\"auto, (max-width: 1024px) 100vw, 1024px\" \/><\/figure><\/li><li class=\"blocks-gallery-item\"><figure><img loading=\"lazy\" decoding=\"async\" width=\"1024\" height=\"461\" src=\"https:\/\/www.radiopresidenteibanez.cl\/web\/wp-content\/uploads\/2021\/06\/Maria-Elena-Palacios-artesania1-1024x461.jpg\" alt=\"\" data-id=\"21663\" data-full-url=\"https:\/\/www.radiopresidenteibanez.cl\/web\/wp-content\/uploads\/2021\/06\/Maria-Elena-Palacios-artesania1.jpg\" data-link=\"https:\/\/www.radiopresidenteibanez.cl\/web\/ministerio-de-la-mujer-y-la-equidad-de-genero-inaugura-nuevas-dependencias-en-la-region\/maria-elena-palacios-artesania1\/\" class=\"wp-image-21663\" srcset=\"https:\/\/www.radiopresidenteibanez.cl\/web\/wp-content\/uploads\/2021\/06\/Maria-Elena-Palacios-artesania1-1024x461.jpg 1024w, https:\/\/www.radiopresidenteibanez.cl\/web\/wp-content\/uploads\/2021\/06\/Maria-Elena-Palacios-artesania1-300x135.jpg 300w, https:\/\/www.radiopresidenteibanez.cl\/web\/wp-content\/uploads\/2021\/06\/Maria-Elena-Palacios-artesania1-768x346.jpg 768w, https:\/\/www.radiopresidenteibanez.cl\/web\/wp-content\/uploads\/2021\/06\/Maria-Elena-Palacios-artesania1.jpg 1422w\" sizes=\"auto, (max-width: 1024px) 100vw, 1024px\" \/><\/figure><\/li><\/ul><\/figure>\n\n\n\n<p><\/p>\n\n\n\n<p><\/p>\n","protected":false},"excerpt":{"rendered":"<p>Con la presencia de la subsecretaria de la cartera Mar\u00eda Jos\u00e9 Abud, la Seremi Daisy Carrera Ocaranza y autoridades regionales se realiz\u00f3 la ceremonia de apertura de las nuevas instalaciones&#8230; <a class=\"read-more\" href=\"https:\/\/www.radiopresidenteibanez.cl\/web\/ministerio-de-la-mujer-y-la-equidad-de-genero-inaugura-nuevas-dependencias-en-la-region\/\">Leer m\u00e1s<\/a><\/p>\n","protected":false},"author":2,"featured_media":21621,"comment_status":"closed","ping_status":"closed","sticky":false,"template":"","format":"standard","meta":{"footnotes":""},"categories":[1],"tags":[76,78,75,79,77,80,74,81],"class_list":["post-21595","post","type-post","status-publish","format-standard","has-post-thumbnail","hentry","category-cronica","tag-seremi-de-gobierno","tag-alejandro-vasquez-servieri","tag-daisy-carrera","tag-fabiola-garcia","tag-jennifer-rojas","tag-maria-jose-abud","tag-ministerio-de-la-mujer","tag-seremi-de-la-mujer"],"_links":{"self":[{"href":"https:\/\/www.radiopresidenteibanez.cl\/web\/wp-json\/wp\/v2\/posts\/21595","targetHints":{"allow":["GET"]}}],"collection":[{"href":"https:\/\/www.radiopresidenteibanez.cl\/web\/wp-json\/wp\/v2\/posts"}],"about":[{"href":"https:\/\/www.radiopresidenteibanez.cl\/web\/wp-json\/wp\/v2\/types\/post"}],"author":[{"embeddable":true,"href":"https:\/\/www.radiopresidenteibanez.cl\/web\/wp-json\/wp\/v2\/users\/2"}],"replies":[{"embeddable":true,"href":"https:\/\/www.radiopresidenteibanez.cl\/web\/wp-json\/wp\/v2\/comments?post=21595"}],"version-history":[{"count":0,"href":"https:\/\/www.radiopresidenteibanez.cl\/web\/wp-json\/wp\/v2\/posts\/21595\/revisions"}],"wp:featuredmedia":[{"embeddable":true,"href":"https:\/\/www.radiopresidenteibanez.cl\/web\/wp-json\/wp\/v2\/media\/21621"}],"wp:attachment":[{"href":"https:\/\/www.radiopresidenteibanez.cl\/web\/wp-json\/wp\/v2\/media?parent=21595"}],"wp:term":[{"taxonomy":"category","embeddable":true,"href":"https:\/\/www.radiopresidenteibanez.cl\/web\/wp-json\/wp\/v2\/categories?post=21595"},{"taxonomy":"post_tag","embeddable":true,"href":"https:\/\/www.radiopresidenteibanez.cl\/web\/wp-json\/wp\/v2\/tags?post=21595"}],"curies":[{"name":"wp","href":"https:\/\/api.w.org\/{rel}","templated":true}]}}