{"id":21572,"date":"2021-06-18T18:19:00","date_gmt":"2021-06-18T21:19:00","guid":{"rendered":"https:\/\/www.radiopresidenteibanez.cl\/web\/?p=21572"},"modified":"2021-06-18T17:22:35","modified_gmt":"2021-06-18T20:22:35","slug":"prueba-de-transicion-regresa-a-su-fecha-tradicional-se-rendira-a-principios-de-diciembre","status":"publish","type":"post","link":"https:\/\/www.radiopresidenteibanez.cl\/web\/prueba-de-transicion-regresa-a-su-fecha-tradicional-se-rendira-a-principios-de-diciembre\/","title":{"rendered":"PRUEBA DE TRANSICI\u00d3N REGRESA A SU FECHA TRADICIONAL SE REND\u00cdRA A PRINCIPIOS DE DICIEMBRE"},"content":{"rendered":"\n<p>La Subsecretar\u00eda de Educaci\u00f3n Superior anunci\u00f3 que la Prueba de Transici\u00f3n\n(PDT) se rendir\u00e1 este a\u00f1o nuevamente en dos grupos diferidos: el 6 y 7&nbsp; y el 9 y 10 de diciembre. Esto, con el fin de\ngarantizar la seguridad de todos quienes participan en el proceso, de acuerdo a\nlas medidas sanitarias establecidas con el Ministerio de Salud. De esta forma\nse inicia el proceso de admisi\u00f3n a las 45 universidades adscritas al Sistema de\nAcceso para el a\u00f1o 2022, en el que se contin\u00faan desarrollando y aplicando los\ncambios anunciados por la Subsecretar\u00eda en marzo de 2020 y que arrojaron\nprometedores resultados tras su puesta en marcha durante el \u00faltimo proceso de\nadmisi\u00f3n. <\/p>\n\n\n\n<p>\u201cLos buenos resultados que vimos en el proceso anterior, principalmente en\nla disminuci\u00f3n de las brechas, nos confirman que los cambios que hemos\nintroducido van en la direcci\u00f3n correcta, de hacer de esta una prueba m\u00e1s\njusta. Es por eso que continuaremos en esa l\u00ednea, fortaleciendo el nuevo\nSistema de Acceso, que adem\u00e1s este a\u00f1o suma a dos universidades m\u00e1s\u201d, explic\u00f3 <strong>Juan\nEduardo Vargas, subsecretario de Educaci\u00f3n Superior.<\/strong> Aclar\u00f3 tambi\u00e9n que con\nrespecto a c\u00f3mo se dividir\u00e1 a los postulantes, se utilizar\u00e1 la misma l\u00f3gica que\nen el proceso reci\u00e9n pasado -aleatoriamente seg\u00fan el n\u00famero de RUT-, y que las\nfechas correspondientes para cada inscrito se informar\u00e1n oportunamente.<\/p>\n\n\n\n<p>Con respecto al proceso de inscripci\u00f3n para la PDT, este comenzar\u00e1 el\nmartes 22 de junio a las 9:00 horas, en el&nbsp;<a href=\"https:\/\/acceso.mineduc.cl\/portal-inscripcion\/\" target=\"_blank\" rel=\"noreferrer noopener\">Portal de Inscripci\u00f3n<\/a>&nbsp;disponible en&nbsp;<a href=\"https:\/\/acceso.mineduc.cl\/\" target=\"_blank\" rel=\"noreferrer noopener\">acceso.mineduc.cl<\/a>., y se extender\u00e1 hasta el viernes 23 de julio a las 13:00\nhoras. <\/p>\n\n\n\n<p>Tal como fue\nanunciado previamente, esta versi\u00f3n de la PDT considera nuevas modificaciones en l\u00ednea con las introducidas en la\nadmisi\u00f3n 2021, incorporando una mayor cantidad de preguntas que\nse&nbsp;enfocan en medir competencias m\u00e1s que conocimientos. De esta manera, en\nlas pruebas obligatorias de\nMatem\u00e1tica y de Comprensi\u00f3n Lectora, las preguntas llamadas \u201cdel nuevo tipo\u201d\nrepresentar\u00e1n un 50% del total de preguntas. Por otra parte, la prueba electiva de Historia y Ciencias\nSociales reducir\u00e1 su cantidad de preguntas de 80 a 65, mientras que la prueba\nde Ciencias aumentar\u00e1 las preguntas relacionadas al pensamiento cient\u00edfico,\nmanteniendo constante su total de preguntas. <\/p>\n","protected":false},"excerpt":{"rendered":"<p>La Subsecretar\u00eda de Educaci\u00f3n Superior anunci\u00f3 que la Prueba de Transici\u00f3n (PDT) se rendir\u00e1 este a\u00f1o nuevamente en dos grupos diferidos: el 6 y 7&nbsp; y el 9 y 10&#8230; <a class=\"read-more\" href=\"https:\/\/www.radiopresidenteibanez.cl\/web\/prueba-de-transicion-regresa-a-su-fecha-tradicional-se-rendira-a-principios-de-diciembre\/\">Leer m\u00e1s<\/a><\/p>\n","protected":false},"author":2,"featured_media":21573,"comment_status":"closed","ping_status":"closed","sticky":false,"template":"","format":"standard","meta":{"footnotes":""},"categories":[1],"tags":[],"class_list":["post-21572","post","type-post","status-publish","format-standard","has-post-thumbnail","hentry","category-cronica"],"_links":{"self":[{"href":"https:\/\/www.radiopresidenteibanez.cl\/web\/wp-json\/wp\/v2\/posts\/21572","targetHints":{"allow":["GET"]}}],"collection":[{"href":"https:\/\/www.radiopresidenteibanez.cl\/web\/wp-json\/wp\/v2\/posts"}],"about":[{"href":"https:\/\/www.radiopresidenteibanez.cl\/web\/wp-json\/wp\/v2\/types\/post"}],"author":[{"embeddable":true,"href":"https:\/\/www.radiopresidenteibanez.cl\/web\/wp-json\/wp\/v2\/users\/2"}],"replies":[{"embeddable":true,"href":"https:\/\/www.radiopresidenteibanez.cl\/web\/wp-json\/wp\/v2\/comments?post=21572"}],"version-history":[{"count":0,"href":"https:\/\/www.radiopresidenteibanez.cl\/web\/wp-json\/wp\/v2\/posts\/21572\/revisions"}],"wp:featuredmedia":[{"embeddable":true,"href":"https:\/\/www.radiopresidenteibanez.cl\/web\/wp-json\/wp\/v2\/media\/21573"}],"wp:attachment":[{"href":"https:\/\/www.radiopresidenteibanez.cl\/web\/wp-json\/wp\/v2\/media?parent=21572"}],"wp:term":[{"taxonomy":"category","embeddable":true,"href":"https:\/\/www.radiopresidenteibanez.cl\/web\/wp-json\/wp\/v2\/categories?post=21572"},{"taxonomy":"post_tag","embeddable":true,"href":"https:\/\/www.radiopresidenteibanez.cl\/web\/wp-json\/wp\/v2\/tags?post=21572"}],"curies":[{"name":"wp","href":"https:\/\/api.w.org\/{rel}","templated":true}]}}