{"id":21552,"date":"2021-06-17T21:22:03","date_gmt":"2021-06-18T00:22:03","guid":{"rendered":"https:\/\/www.radiopresidenteibanez.cl\/web\/?p=21552"},"modified":"2021-06-17T21:24:47","modified_gmt":"2021-06-18T00:24:47","slug":"con-operativo-en-junta-de-vecinos-ministra-karla-rubilar-comenzo-su-agenda-en-magallanes","status":"publish","type":"post","link":"https:\/\/www.radiopresidenteibanez.cl\/web\/con-operativo-en-junta-de-vecinos-ministra-karla-rubilar-comenzo-su-agenda-en-magallanes\/","title":{"rendered":"CON OPERATIVO EN JUNTA DE VECINOS MINISTRA KARLA RUBILAR COMENZ\u00d3 SU AGENDA EN MAGALLANES"},"content":{"rendered":"\n<p>En el marco de su primera visita liderando el ramo de Desarrollo Social y Familia, la Ministra Karla Rubilar arrib\u00f3 este mediod\u00eda a Punta Arenas para difundir el Ingreso Familiar de Emergencia (IFE) Universal, adem\u00e1s de verificar el estado de los servicios y programas que funcionan en Magallanes.<\/p>\n\n\n\n<p>Luego de los saludos protocolares por parte de la Intendenta, Jenniffer Rojas, la ministra se dirigi\u00f3 hasta la Junta de Vecinos de la poblaci\u00f3n Cardenal Ra\u00fal Silva Henr\u00edquez para participar de un operativo, organizado por la Seremi de Gobierno, y donde la ciudadan\u00eda efectu\u00f3 las tramitaciones del Registro Social de Hogares (RSH), adem\u00e1s de la obtenci\u00f3n de la Clave \u00danica.<\/p>\n\n\n\n<p>La ministra Rubilar explic\u00f3 que \u201cac\u00e1 en la regi\u00f3n, un 24% de las personas no est\u00e1n en el Registro Social de Hogares. Es por eso que ma\u00f1ana no vamos a estar s\u00f3lo en Punta Arenas sino que iremos a Porvenir, donde tenemos que hacer este esfuerzo de acompa\u00f1ar a la gobernadora para que todas las familias saquen el Registro Social de Hogares. La regi\u00f3n tiene 47.000 hogares que van a recibir el beneficio de forma autom\u00e1tica y ya tenemos m\u00e1s de 12.000 hogares que se han inscrito en el primer proceso de inscripci\u00f3n del 5 al 15 de junio\u201d.<\/p>\n\n\n\n<p>Agreg\u00f3 que \u201crecordemos que ahora hay un nuevo plazo de inscripci\u00f3n que comienza el 21 y termina el 30 de junio, para poder recibir el beneficio desde este mes. En ese sentido, para nosotros es muy relevante que durante este tiempo que va a estar cerrada la plataforma las personas obtengan su RSH, en\u00a0<a rel=\"noreferrer noopener\" href=\"http:\/\/www.registrosocial.gob.cl\/\" target=\"_blank\">www.registrosocial.gob.cl<\/a>\u00a0o se acerquen a los operativos presenciales que se est\u00e1n haciendo para que puedan acceder al beneficio cuando la plataforma\u00a0<a rel=\"noreferrer noopener\" href=\"http:\/\/www.ingresodeemergencia.cl\/\" target=\"_blank\">www.ingresodeemergencia.cl<\/a>\u00a0se vuelva a abrir\u201d.<br><\/p>\n\n\n\n<p>Representando a la junta de vecinos, la&nbsp;Presidenta del Club de Adultos Mayores, Leonor Henr\u00edquez,se\u00f1al\u00f3 que \u201cvaloramos que el Gobierno se encuentren realizando estos operativos en las distintas poblaciones, debido a que, por la emergencia sanitaria, muchas personas especialmente adultos mayores, a\u00fan no se atreven a salir para realizar sus tr\u00e1mites y que son necesarios porque permiten ser beneficiarios de las ayudas que entrega el Estado\u201d.<\/p>\n\n\n\n<p>Desde que Punta Arenas avanz\u00f3 a la fase 2 del plan Paso a Paso (31 de mayo), este es el quinto operativo en el que participa la seremi de Desarrollo Social y Familia, Liz Casanueva, en una junta de vecinos.<\/p>\n","protected":false},"excerpt":{"rendered":"<p>En el marco de su primera visita liderando el ramo de Desarrollo Social y Familia, la Ministra Karla Rubilar arrib\u00f3 este mediod\u00eda a Punta Arenas para difundir el Ingreso Familiar&#8230; <a class=\"read-more\" href=\"https:\/\/www.radiopresidenteibanez.cl\/web\/con-operativo-en-junta-de-vecinos-ministra-karla-rubilar-comenzo-su-agenda-en-magallanes\/\">Leer m\u00e1s<\/a><\/p>\n","protected":false},"author":2,"featured_media":21553,"comment_status":"closed","ping_status":"closed","sticky":false,"template":"","format":"standard","meta":{"footnotes":""},"categories":[1],"tags":[],"class_list":["post-21552","post","type-post","status-publish","format-standard","has-post-thumbnail","hentry","category-cronica"],"_links":{"self":[{"href":"https:\/\/www.radiopresidenteibanez.cl\/web\/wp-json\/wp\/v2\/posts\/21552","targetHints":{"allow":["GET"]}}],"collection":[{"href":"https:\/\/www.radiopresidenteibanez.cl\/web\/wp-json\/wp\/v2\/posts"}],"about":[{"href":"https:\/\/www.radiopresidenteibanez.cl\/web\/wp-json\/wp\/v2\/types\/post"}],"author":[{"embeddable":true,"href":"https:\/\/www.radiopresidenteibanez.cl\/web\/wp-json\/wp\/v2\/users\/2"}],"replies":[{"embeddable":true,"href":"https:\/\/www.radiopresidenteibanez.cl\/web\/wp-json\/wp\/v2\/comments?post=21552"}],"version-history":[{"count":0,"href":"https:\/\/www.radiopresidenteibanez.cl\/web\/wp-json\/wp\/v2\/posts\/21552\/revisions"}],"wp:featuredmedia":[{"embeddable":true,"href":"https:\/\/www.radiopresidenteibanez.cl\/web\/wp-json\/wp\/v2\/media\/21553"}],"wp:attachment":[{"href":"https:\/\/www.radiopresidenteibanez.cl\/web\/wp-json\/wp\/v2\/media?parent=21552"}],"wp:term":[{"taxonomy":"category","embeddable":true,"href":"https:\/\/www.radiopresidenteibanez.cl\/web\/wp-json\/wp\/v2\/categories?post=21552"},{"taxonomy":"post_tag","embeddable":true,"href":"https:\/\/www.radiopresidenteibanez.cl\/web\/wp-json\/wp\/v2\/tags?post=21552"}],"curies":[{"name":"wp","href":"https:\/\/api.w.org\/{rel}","templated":true}]}}