{"id":21501,"date":"2021-06-16T08:33:52","date_gmt":"2021-06-16T11:33:52","guid":{"rendered":"https:\/\/www.radiopresidenteibanez.cl\/web\/?p=21501"},"modified":"2021-06-16T08:33:57","modified_gmt":"2021-06-16T11:33:57","slug":"senama-lanza-campana-para-concientizar-sobre-el-abandono-a-las-personas-mayores-tras-aumento-de-los-casos-durante-2020","status":"publish","type":"post","link":"https:\/\/www.radiopresidenteibanez.cl\/web\/senama-lanza-campana-para-concientizar-sobre-el-abandono-a-las-personas-mayores-tras-aumento-de-los-casos-durante-2020\/","title":{"rendered":"SENAMA LANZA CAMPA\u00d1A PARA CONCIENTIZAR SOBRE EL ABANDONO A LAS PERSONAS MAYORES TRAS AUMENTO DE LOS CASOS DURANTE 2020"},"content":{"rendered":"\n<ul class=\"wp-block-list\"><li><em>&nbsp;<\/em><\/li><\/ul>\n\n\n\n<p>En el marco del D\u00eda de la Toma de Conciencia contra el Abuso, Maltrato y\nAbandono en la Vejez que se conmemora cada 15 de junio, el Servicio Nacional\ndel Adulto Mayor (SENAMA), realiz\u00f3 el lanzamiento de la campa\u00f1a denominada \u201cLa\nsoledad no es un juego, haz t\u00fa el primer movimiento\u201d.<\/p>\n\n\n\n<p>La iniciativa tiene como objetivo hacer un llamado a toda la sociedad a\ntomar conciencia de la importancia de evitar situaciones de soledad no deseada\ny\/o abandono a este grupo de la poblaci\u00f3n, ya que esto constituye un tipo de\nmaltrato al que est\u00e1n expuestas las personas mayores. <\/p>\n\n\n\n<p>El director nacional de SENAMA, Octavio Vergara explic\u00f3 que \u201cen 2020\nrecibimos como servicio 428 casos de abandono social, lo que representa un\nincremento superior al 100% en comparaci\u00f3n al a\u00f1o anterior (202 casos). De ah\u00ed\nentonces, la necesidad de hacer un llamado a toda la sociedad, a hacer el\nprimer movimiento, a tomar la iniciativa y realizar acciones que contribuyan a\ncambiar este escenario que termina por afectar fuertemente su calidad de vida\u201d.\n<\/p>\n\n\n\n<p>En cuanto a cifras regionales, la Coordinadora Regional de Senama Magallanes\ny Ant\u00e1rtica Chilena Rebeca Aguilante, indic\u00f3 que \u201cdesde el inicio de la\nPandemia en la regi\u00f3n hubo un gran aumento de casos derivados al programa Buen\nTrato. Pasando de atender 23 casos el a\u00f1o 2019 a 157 el a\u00f1os 2020. Creemos que probablemente\nel contexto de la pandemia incidi\u00f3 en la mayor visibilizaci\u00f3n de situaciones de\nmaltrato y\/o vulneraci\u00f3n de derechos a las personas mayores\u201d. <\/p>\n\n\n\n<p>La campa\u00f1a, que ser\u00e1 transmitida a trav\u00e9s de redes sociales, muestra a un\nadulto mayor que est\u00e1 solo en su domicilio jugando ajedrez, cuando llega una de\nsus vecinas a entregarle la correspondencia. Al darse cuenta de la situaci\u00f3n,\nla mujer que se hab\u00eda retirado a su casa, decide regresar y acompa\u00f1ar a la\npersona mayor para que no tenga que seguir jugando sin un oponente y en medio\nde la soledad.<\/p>\n\n\n\n<p>\u201cEs un mensaje que llama a la acci\u00f3n,\nya sea de la familia, los amigos, los vecinos y todo el entorno que existe\nalrededor de una persona mayor. Que nos dice que no debemos ser indiferentes y\nque con simples gestos es posible prevenir situaciones de abandono y hacer\nsentir a este grupo de la poblaci\u00f3n con la relevancia que deben tener\u201d, resalt\u00f3\nel director de SENAMA, Octavio Vergara.<\/p>\n\n\n\n<p>Cabe mencionar que durante la pandemia las personas mayores han debido\nenfrentar largos periodos de cuarentena. Por lo mismo, SENAMA ha impulsado el\nuso de las diversas tecnolog\u00edas para mantener un distanciamiento f\u00edsico y no\nsocial. Adem\u00e1s, fortaleci\u00f3 el trabajo del Fono Mayor (800 400 035) para\nentregar acompa\u00f1amiento y contenci\u00f3n emocional a quienes se sent\u00edan con\nangustia o estr\u00e9s debido a la contingencia sanitaria.&nbsp; &nbsp;<\/p>\n","protected":false},"excerpt":{"rendered":"<p>&nbsp; En el marco del D\u00eda de la Toma de Conciencia contra el Abuso, Maltrato y Abandono en la Vejez que se conmemora cada 15 de junio, el Servicio Nacional&#8230; <a class=\"read-more\" href=\"https:\/\/www.radiopresidenteibanez.cl\/web\/senama-lanza-campana-para-concientizar-sobre-el-abandono-a-las-personas-mayores-tras-aumento-de-los-casos-durante-2020\/\">Leer m\u00e1s<\/a><\/p>\n","protected":false},"author":2,"featured_media":21502,"comment_status":"closed","ping_status":"closed","sticky":false,"template":"","format":"standard","meta":{"footnotes":""},"categories":[1],"tags":[],"class_list":["post-21501","post","type-post","status-publish","format-standard","has-post-thumbnail","hentry","category-cronica"],"_links":{"self":[{"href":"https:\/\/www.radiopresidenteibanez.cl\/web\/wp-json\/wp\/v2\/posts\/21501","targetHints":{"allow":["GET"]}}],"collection":[{"href":"https:\/\/www.radiopresidenteibanez.cl\/web\/wp-json\/wp\/v2\/posts"}],"about":[{"href":"https:\/\/www.radiopresidenteibanez.cl\/web\/wp-json\/wp\/v2\/types\/post"}],"author":[{"embeddable":true,"href":"https:\/\/www.radiopresidenteibanez.cl\/web\/wp-json\/wp\/v2\/users\/2"}],"replies":[{"embeddable":true,"href":"https:\/\/www.radiopresidenteibanez.cl\/web\/wp-json\/wp\/v2\/comments?post=21501"}],"version-history":[{"count":0,"href":"https:\/\/www.radiopresidenteibanez.cl\/web\/wp-json\/wp\/v2\/posts\/21501\/revisions"}],"wp:featuredmedia":[{"embeddable":true,"href":"https:\/\/www.radiopresidenteibanez.cl\/web\/wp-json\/wp\/v2\/media\/21502"}],"wp:attachment":[{"href":"https:\/\/www.radiopresidenteibanez.cl\/web\/wp-json\/wp\/v2\/media?parent=21501"}],"wp:term":[{"taxonomy":"category","embeddable":true,"href":"https:\/\/www.radiopresidenteibanez.cl\/web\/wp-json\/wp\/v2\/categories?post=21501"},{"taxonomy":"post_tag","embeddable":true,"href":"https:\/\/www.radiopresidenteibanez.cl\/web\/wp-json\/wp\/v2\/tags?post=21501"}],"curies":[{"name":"wp","href":"https:\/\/api.w.org\/{rel}","templated":true}]}}