{"id":2147,"date":"2019-03-12T14:51:38","date_gmt":"2019-03-12T14:51:38","guid":{"rendered":"http:\/\/www.radiopresidenteibanez.cl\/web\/?p=2147"},"modified":"2019-03-12T14:52:01","modified_gmt":"2019-03-12T14:52:01","slug":"tras-reunion-de-trabajo-con-el-senador-carlos-bianchi-ministro-de-desarrollo-social-comprometio-celeridad-para-nuevos-proyectos-de-reposicion-del-gimnasio-zavattaro-para-porvenir","status":"publish","type":"post","link":"https:\/\/www.radiopresidenteibanez.cl\/web\/tras-reunion-de-trabajo-con-el-senador-carlos-bianchi-ministro-de-desarrollo-social-comprometio-celeridad-para-nuevos-proyectos-de-reposicion-del-gimnasio-zavattaro-para-porvenir\/","title":{"rendered":"TRAS REUNI\u00d3N DE TRABAJO CON EL SENADOR CARLOS BIANCHI: MINISTRO DE DESARROLLO SOCIAL COMPROMETI\u00d3 CELERIDAD PARA NUEVOS PROYECTOS DE REPOSICI\u00d3N DEL GIMNASIO ZAVATTARO PARA PORVENIR"},"content":{"rendered":"\n<p>Las dependencias del Palacio\nde La Moneda, donde se sit\u00faa el ministerio de Desarrollo social fue el lugar\ndonde se concret\u00f3 la reuni\u00f3n de trabajo entre el titular de la cartera, Alfredo\nMoreno y el senador de Magallanes, Carlos Bianchi y la participaci\u00f3n de la Jefa\nde la Divisi\u00f3n de Evaluaci\u00f3n Social de Inversiones, Andrea Alvarado Duffau.<\/p>\n\n\n\n<p>En la oportunidad el\nlegislador magall\u00e1nico le expuso al secretario de Estado la urgente necesidad\nde encontrar v\u00edas de soluci\u00f3n para concretar la reposici\u00f3n del Gimnasio Mario\nZavattaro, situaci\u00f3n que le fue expuesta al parlamentario por el consejero\nregional de la provincia de Tierra del Fuego, Andr\u00e9s L\u00f3pez, adem\u00e1s de autoridades\nlocales y vecinos de la comuna fueguina.<\/p>\n\n\n\n<p>Bianchi dijo que tras un\nfranco dialogo y de revisar todos los antecedentes se coincidi\u00f3 en que el\nproyecto debe ser presentado en dos etapas. La primera es el dise\u00f1o y de all\u00ed\ndar paso al de construcci\u00f3n., con ello se podr\u00e1 saber con mayor certeza los\nreales valores que involucra esta importante inversi\u00f3n.<\/p>\n\n\n\n<p>Al t\u00e9rmino del encuentro el\nMinistro Moreno, explic\u00f3 que se asumi\u00f3 e compromiso de dar celeridad a la\ntramitaci\u00f3n del proyecto expuesto una vez que se determin\u00e9 la unidad t\u00e9cnica\npara la primera etapa.<\/p>\n\n\n\n<p><em>\u201cPara\nnosotros los lugares que son como Tierra del Fuego aislados donde adem\u00e1s se\nhace patria todos los d\u00edas son muy importantes as\u00ed es que hemos tenido esta\nreuni\u00f3n que nos parece muy positiva de manera tal de poder ver de qu\u00e9 manera\npodemos acelerar los proyectos de gimnasio- los proyectos de mejora de la\nescuela en fin trabajando en conjunto el gobierno con cada uno de los que est\u00e1n\ninvolucrados en este proyecto.\u201d<\/em><\/p>\n\n\n\n<p>En tanto Bianchi dijo que <em>\u201cse trat\u00f3 de una muy productiva reuni\u00f3n\ndonde vimos casos que son absolutamente prioritarios y urgentes para Tierra del\nFuego, para Porvenir\u2026 en lo del gimnasio se est\u00e1 viendo el mecanismo para poder\nacelerar y apurar todo el proceso que sea pertinente en hacer tanto en el\nproyecto como en el dise\u00f1o, hay que partir obviamente con ello.\u201d<\/em><\/p>\n\n\n\n<p>El senador, agreg\u00f3 que <em>\u201cs\u00e9 que se hab\u00eda pedido ambos juntos\npero&nbsp; aqu\u00ed se nos se\u00f1ala que los tiempos\nson exactamente los mismos que eso no va a hacer que se haga antes ni despu\u00e9s\npero se requiere el dise\u00f1o para cuantificar lo que va a ser el costo real del\nel proyecto\u2026\u201d.<\/em><\/p>\n\n\n\n<p>En la oportunidad el ministro Moreno inform\u00f3 adem\u00e1s que se renov\u00f3 el \u201cRS\u201d para la reposici\u00f3n de la Escuela Bernardo O\u00b4Higgins y ahora corresponde a la subsecretaria de Educaci\u00f3n disponer la adjudicaci\u00f3n de los fondos que est\u00e1n establecidos en dicho proyecto.<\/p>\n\n\n\n<figure class=\"wp-block-image\"><img loading=\"lazy\" decoding=\"async\" width=\"900\" height=\"741\" src=\"https:\/\/www.radiopresidenteibanez.cl\/web\/wp-content\/uploads\/2019\/03\/MDS-2019.jpg\" alt=\"\" class=\"wp-image-2148\" srcset=\"https:\/\/www.radiopresidenteibanez.cl\/web\/wp-content\/uploads\/2019\/03\/MDS-2019.jpg 900w, https:\/\/www.radiopresidenteibanez.cl\/web\/wp-content\/uploads\/2019\/03\/MDS-2019-300x247.jpg 300w, https:\/\/www.radiopresidenteibanez.cl\/web\/wp-content\/uploads\/2019\/03\/MDS-2019-768x632.jpg 768w\" sizes=\"auto, (max-width: 900px) 100vw, 900px\" \/><\/figure>\n","protected":false},"excerpt":{"rendered":"<p>Las dependencias del Palacio de La Moneda, donde se sit\u00faa el ministerio de Desarrollo social fue el lugar donde se concret\u00f3 la reuni\u00f3n de trabajo entre el titular de la&#8230; <a class=\"read-more\" href=\"https:\/\/www.radiopresidenteibanez.cl\/web\/tras-reunion-de-trabajo-con-el-senador-carlos-bianchi-ministro-de-desarrollo-social-comprometio-celeridad-para-nuevos-proyectos-de-reposicion-del-gimnasio-zavattaro-para-porvenir\/\">Leer m\u00e1s<\/a><\/p>\n","protected":false},"author":2,"featured_media":2148,"comment_status":"closed","ping_status":"closed","sticky":false,"template":"","format":"standard","meta":{"footnotes":""},"categories":[1],"tags":[],"class_list":["post-2147","post","type-post","status-publish","format-standard","has-post-thumbnail","hentry","category-cronica"],"_links":{"self":[{"href":"https:\/\/www.radiopresidenteibanez.cl\/web\/wp-json\/wp\/v2\/posts\/2147","targetHints":{"allow":["GET"]}}],"collection":[{"href":"https:\/\/www.radiopresidenteibanez.cl\/web\/wp-json\/wp\/v2\/posts"}],"about":[{"href":"https:\/\/www.radiopresidenteibanez.cl\/web\/wp-json\/wp\/v2\/types\/post"}],"author":[{"embeddable":true,"href":"https:\/\/www.radiopresidenteibanez.cl\/web\/wp-json\/wp\/v2\/users\/2"}],"replies":[{"embeddable":true,"href":"https:\/\/www.radiopresidenteibanez.cl\/web\/wp-json\/wp\/v2\/comments?post=2147"}],"version-history":[{"count":0,"href":"https:\/\/www.radiopresidenteibanez.cl\/web\/wp-json\/wp\/v2\/posts\/2147\/revisions"}],"wp:featuredmedia":[{"embeddable":true,"href":"https:\/\/www.radiopresidenteibanez.cl\/web\/wp-json\/wp\/v2\/media\/2148"}],"wp:attachment":[{"href":"https:\/\/www.radiopresidenteibanez.cl\/web\/wp-json\/wp\/v2\/media?parent=2147"}],"wp:term":[{"taxonomy":"category","embeddable":true,"href":"https:\/\/www.radiopresidenteibanez.cl\/web\/wp-json\/wp\/v2\/categories?post=2147"},{"taxonomy":"post_tag","embeddable":true,"href":"https:\/\/www.radiopresidenteibanez.cl\/web\/wp-json\/wp\/v2\/tags?post=2147"}],"curies":[{"name":"wp","href":"https:\/\/api.w.org\/{rel}","templated":true}]}}