{"id":21451,"date":"2021-06-14T08:29:17","date_gmt":"2021-06-14T11:29:17","guid":{"rendered":"https:\/\/www.radiopresidenteibanez.cl\/web\/?p=21451"},"modified":"2021-06-14T08:29:22","modified_gmt":"2021-06-14T11:29:22","slug":"un-resultado-memorable","status":"publish","type":"post","link":"https:\/\/www.radiopresidenteibanez.cl\/web\/un-resultado-memorable\/","title":{"rendered":"UN RESULTADO MEMORABLE"},"content":{"rendered":"\n<p>Este domingo, termin\u00f3 la in\u00e9dita\nelecci\u00f3n de gobernadores regionales. La autoridad que, por primera vez en\nnuestra historia republicana, va a dirigir los destinos de cada territorio del\npa\u00eds. Una nueva jornada de votaciones, ejemplar, desde el punto de vista del\nprocedimiento, y del control impecable de nuestro Servicio Electoral. Creo que\nes y debe ser un motivo de orgullo para todo Chile, que da prueba una vez m\u00e1s\nde su eficiencia y transparencia. Lo que no tiene nada de ejemplar, es la magra\nparticipaci\u00f3n ciudadana. Concurrieron a votar una cifra cercana a los 2\nmillones y medio electores. Considerando que se votaba en 13 regiones del pa\u00eds,\nel&nbsp; padr\u00f3n involucraba a unos 13 millones\nde personas, los votantes no alcanzan al 20% del padr\u00f3n.&nbsp; Un dato que debe poner en el tapete, la\nreposici\u00f3n del voto obligatorio. Es un compromiso que las precandidaturas\npresidenciales, debieran asumir. Que m\u00e1s personas tomen las decisiones y no\nmenos.<\/p>\n\n\n\n<p>Con los resultados de este domingo, se instala un nuevo escenario pol\u00edtico. Es la ratificaci\u00f3n de que los vecinos y vecinas, los pobladores de cada territorio del pa\u00eds, ha optado por candidatos de la centro izquierda, para dirigir las gobernaciones regionales. De las 16 regiones del pa\u00eds, 13 regiones eligieron a candidatos (as), del pacto Unidad constituyente, y dos del pacto FA\/PC. S\u00f3lo una regi\u00f3n, la regi\u00f3n de la Araucan\u00eda ser\u00e1 dirigida por un gobernador de los partidos de derecha.<\/p>\n\n\n\n<p>La elecci\u00f3n del gobernador metropolitano, que el centralismo enfermizo, transform\u00f3 en el foco de todos los medios, finalmente termin\u00f3 con el triunfo del candidato Orrego de Unidad constituyente, militante DC.\u00a0 \u00a0El partido de la falange, dado por muerto, por los sectores extremos, conquist\u00f3 4 de las gobernaciones regionales. La campa\u00f1a metropolitana concentr\u00f3 los esfuerzos de todas las figuras medi\u00e1ticas de ambos patos, gran despliegue en medios tradicionales y en redes sociales.\u00a0 Lo que no puede dejar de mencionarse, es la agresividad, las descalificaciones, e incluso las mentiras, usados como elemento de campa\u00f1a. Un discurso que apelaba a incitar el resentimiento, no se abandon\u00f3, ni siquiera en el discurso de despedida de la candidata derrotada. Expresiones que apelan al origen social, a las condiciones econ\u00f3micas, instalan en la discusi\u00f3n p\u00fablica una din\u00e1mica de enfrentamiento. <\/p>\n\n\n\n<p>La exacerbaci\u00f3n de las diferencias, la apelaci\u00f3n a argumentos propios de la din\u00e1mica pol\u00edtica de los a\u00f1os 60\u2019, es un recurso al cual ha recurrido un sector de la izquierda. Y la ciudadan\u00eda lo ha rechazado. El resultado de la elecci\u00f3n, fue un rotundo apoyo a quienes encarnan el proyecto de la centro izquierda. La poblaci\u00f3n de las regiones del pa\u00eds, est\u00e1n por realizar las transformaciones sociales, que Chile necesita, pero con estabilidad. La derecha tambi\u00e9n fue derrotada con claridad.<\/p>\n\n\n\n<p>El tiempo que viene, es de mucha responsabilidad. Los tiempos no son para el triunfalismo, el fantasma del populismo anda suelto, y muchas personas han ca\u00eddo f\u00e1cilmente, en sus discursos altisonantes. La construcci\u00f3n de una alternativa de gobierno, que ofrecer al pa\u00eds, requiere generar unidad de las fuerzas progresistas. Unidad con contenido. Unidad de forma y de fondo. El proyecto que transform\u00f3 Chile en los 90\u2019 y en los 2000, y que puede volver a transformarlo, es la centro izquierda.\u00a0 Debemos trabajar denodadamente por aliviar los dolores y el sufrimiento actual de nuestro pueblo. Eso se hace promoviendo y aprobando las iniciativas legales, que establecen beneficios para sectores vulnerables y pymes. Al mismo tiempo, debemos hacernos cargo, del llamado de los electores de Chile. Debemos generar la instancia democr\u00e1tica y participativa, que decida la candidatura presidencial, que va a encabezar, nuestro proyecto pol\u00edtico, social y econ\u00f3mico. Esa instancia es una primaria convencional, que se vote en cada localidad del pa\u00eds.<\/p>\n\n\n\n<p>En este momento de victoria de las fuerzas progresistas, celebrar con tranquilidad, dar el beso a los hijos, y ya ma\u00f1ana, levantarse con renovado br\u00edo, a hacer lo que hay que hacer.<\/p>\n\n\n\n<p>Ernesto Sep\u00falveda Tornero<\/p>\n","protected":false},"excerpt":{"rendered":"<p>Este domingo, termin\u00f3 la in\u00e9dita elecci\u00f3n de gobernadores regionales. La autoridad que, por primera vez en nuestra historia republicana, va a dirigir los destinos de cada territorio del pa\u00eds. Una&#8230; <a class=\"read-more\" href=\"https:\/\/www.radiopresidenteibanez.cl\/web\/un-resultado-memorable\/\">Leer m\u00e1s<\/a><\/p>\n","protected":false},"author":2,"featured_media":21452,"comment_status":"closed","ping_status":"closed","sticky":false,"template":"","format":"standard","meta":{"footnotes":""},"categories":[1],"tags":[],"class_list":["post-21451","post","type-post","status-publish","format-standard","has-post-thumbnail","hentry","category-cronica"],"_links":{"self":[{"href":"https:\/\/www.radiopresidenteibanez.cl\/web\/wp-json\/wp\/v2\/posts\/21451","targetHints":{"allow":["GET"]}}],"collection":[{"href":"https:\/\/www.radiopresidenteibanez.cl\/web\/wp-json\/wp\/v2\/posts"}],"about":[{"href":"https:\/\/www.radiopresidenteibanez.cl\/web\/wp-json\/wp\/v2\/types\/post"}],"author":[{"embeddable":true,"href":"https:\/\/www.radiopresidenteibanez.cl\/web\/wp-json\/wp\/v2\/users\/2"}],"replies":[{"embeddable":true,"href":"https:\/\/www.radiopresidenteibanez.cl\/web\/wp-json\/wp\/v2\/comments?post=21451"}],"version-history":[{"count":0,"href":"https:\/\/www.radiopresidenteibanez.cl\/web\/wp-json\/wp\/v2\/posts\/21451\/revisions"}],"wp:featuredmedia":[{"embeddable":true,"href":"https:\/\/www.radiopresidenteibanez.cl\/web\/wp-json\/wp\/v2\/media\/21452"}],"wp:attachment":[{"href":"https:\/\/www.radiopresidenteibanez.cl\/web\/wp-json\/wp\/v2\/media?parent=21451"}],"wp:term":[{"taxonomy":"category","embeddable":true,"href":"https:\/\/www.radiopresidenteibanez.cl\/web\/wp-json\/wp\/v2\/categories?post=21451"},{"taxonomy":"post_tag","embeddable":true,"href":"https:\/\/www.radiopresidenteibanez.cl\/web\/wp-json\/wp\/v2\/tags?post=21451"}],"curies":[{"name":"wp","href":"https:\/\/api.w.org\/{rel}","templated":true}]}}