{"id":21447,"date":"2021-06-13T12:23:52","date_gmt":"2021-06-13T15:23:52","guid":{"rendered":"https:\/\/www.radiopresidenteibanez.cl\/web\/?p=21447"},"modified":"2021-06-13T12:42:07","modified_gmt":"2021-06-13T15:42:07","slug":"invitan-a-la-comunidad-a-hacerse-parte-en-proceso-participativo-de-2-plan-nacional-de-derechos-humanos","status":"publish","type":"post","link":"https:\/\/www.radiopresidenteibanez.cl\/web\/invitan-a-la-comunidad-a-hacerse-parte-en-proceso-participativo-de-2-plan-nacional-de-derechos-humanos\/","title":{"rendered":"INVITAN A LA COMUNIDAD A HACERSE PARTE EN PROCESO PARTICIPATIVO DE 2\u00b0 PLAN NACIONAL DE DERECHOS HUMANOS"},"content":{"rendered":"\n<p>Un llamado a los magall\u00e1nicos a sumarse\nal proceso participativo para la construcci\u00f3n del Segundo Plan Nacional de\nDerechos Humanos (PNDH), a trav\u00e9s de la plataforma digital <a href=\"https:\/\/tuopinioncuenta.minjusticia.gob.cl\/\">https:\/\/tuopinioncuenta.minjusticia.gob.cl\/<\/a>, hizo la Secretar\u00eda Regional Ministerial\nde Justicia y Derechos Humanos, para recoger de manera individual o grupal, la\nopini\u00f3n de la ciudadan\u00eda y organizaciones de la sociedad civil sobre diversas\ntem\u00e1ticas de Derechos Humanos.<\/p>\n\n\n\n<p>Quienes deseen ser parte de este proceso\ns\u00f3lo deben ingresar al enlace y crear un perfil de usuario, donde podr\u00e1n elegir\nuna de las cinco modalidades de participaci\u00f3n, a desarrollarse mediante medios\nremotos. Las opiniones vertidas ser\u00e1n consideradas para elaborar la segunda\nversi\u00f3n del Plan Nacional de Derechos Humanos. Esta primera modalidad de\nparticipaci\u00f3n, que es la \u201cConsulta Ciudadana\u201d, permite opinar sobre los\ndiagn\u00f3sticos en cada uno de los temas del Plan, proponer acciones y sugerir\nmecanismos de monitoreo.<\/p>\n\n\n\n<p>El Seremi del ramo, Crist\u00f3bal Fern\u00e1ndez\nJofr\u00e9, subray\u00f3 el promover la participaci\u00f3n y recabar la opini\u00f3n de la\nciudadan\u00eda a partir de esta etapa colaborativa, espacio sobre el que se\nconstruir\u00e1 el segundo PNDH, desde donde se generan pol\u00edticas p\u00fablicas y\ncompromisos en distintos \u00e1mbitos. A\u00f1adi\u00f3 que este proceso amplio busca avanzar como\npa\u00eds en el respeto, promoci\u00f3n y protecci\u00f3n de los Derechos Humanos en todas las\n\u00e1reas posibles. Para ello se generar\u00e1n tambi\u00e9n encuentros telem\u00e1ticos con\norganizaciones de la sociedad civil, pueblos ind\u00edgenas, y, por primera vez, con\nni\u00f1os, ni\u00f1as y adolescentes, y personas privadas de libertad.<\/p>\n\n\n\n<p>Agreg\u00f3 que entre el 8 de junio y el 2 de\njulio, se har\u00e1n los \u201cEncuentros Tem\u00e1ticos\u201d (v\u00eda Zoom), enfocados en permitir\nque las organizaciones de la sociedad civil compartan sus diagn\u00f3sticos sobre\nlos principales desaf\u00edos en Derechos Humanos, asociados a 14 cap\u00edtulos\ncontemplados en el Plan. Cada sesi\u00f3n abordar\u00e1 cada uno de los siguientes\n\u00e1mbitos: Personas Mayores; Derechos econ\u00f3micos, sociales, culturales y\nambientales; Personas Migrantes y Refugiadas; Educaci\u00f3n en Derechos Humanos;\nMujeres; Ni\u00f1os, ni\u00f1as y Adolescentes; Prevenci\u00f3n de la tortura y violencia\ninstitucional; Prevenci\u00f3n de la trata y tr\u00e1fico de personas; Acceso a la justicia;\nPersonas LGBTIQ+, Personas con Discapacidad; Memoria, verdad, justicia y\nreparaci\u00f3n; Personas Privadas de Libertad, y Derechos Digitales.<\/p>\n","protected":false},"excerpt":{"rendered":"<p>Un llamado a los magall\u00e1nicos a sumarse al proceso participativo para la construcci\u00f3n del Segundo Plan Nacional de Derechos Humanos (PNDH), a trav\u00e9s de la plataforma digital https:\/\/tuopinioncuenta.minjusticia.gob.cl\/, hizo la&#8230; <a class=\"read-more\" href=\"https:\/\/www.radiopresidenteibanez.cl\/web\/invitan-a-la-comunidad-a-hacerse-parte-en-proceso-participativo-de-2-plan-nacional-de-derechos-humanos\/\">Leer m\u00e1s<\/a><\/p>\n","protected":false},"author":2,"featured_media":21448,"comment_status":"closed","ping_status":"closed","sticky":false,"template":"","format":"standard","meta":{"footnotes":""},"categories":[1],"tags":[],"class_list":["post-21447","post","type-post","status-publish","format-standard","has-post-thumbnail","hentry","category-cronica"],"_links":{"self":[{"href":"https:\/\/www.radiopresidenteibanez.cl\/web\/wp-json\/wp\/v2\/posts\/21447","targetHints":{"allow":["GET"]}}],"collection":[{"href":"https:\/\/www.radiopresidenteibanez.cl\/web\/wp-json\/wp\/v2\/posts"}],"about":[{"href":"https:\/\/www.radiopresidenteibanez.cl\/web\/wp-json\/wp\/v2\/types\/post"}],"author":[{"embeddable":true,"href":"https:\/\/www.radiopresidenteibanez.cl\/web\/wp-json\/wp\/v2\/users\/2"}],"replies":[{"embeddable":true,"href":"https:\/\/www.radiopresidenteibanez.cl\/web\/wp-json\/wp\/v2\/comments?post=21447"}],"version-history":[{"count":0,"href":"https:\/\/www.radiopresidenteibanez.cl\/web\/wp-json\/wp\/v2\/posts\/21447\/revisions"}],"wp:featuredmedia":[{"embeddable":true,"href":"https:\/\/www.radiopresidenteibanez.cl\/web\/wp-json\/wp\/v2\/media\/21448"}],"wp:attachment":[{"href":"https:\/\/www.radiopresidenteibanez.cl\/web\/wp-json\/wp\/v2\/media?parent=21447"}],"wp:term":[{"taxonomy":"category","embeddable":true,"href":"https:\/\/www.radiopresidenteibanez.cl\/web\/wp-json\/wp\/v2\/categories?post=21447"},{"taxonomy":"post_tag","embeddable":true,"href":"https:\/\/www.radiopresidenteibanez.cl\/web\/wp-json\/wp\/v2\/tags?post=21447"}],"curies":[{"name":"wp","href":"https:\/\/api.w.org\/{rel}","templated":true}]}}