{"id":21426,"date":"2021-06-12T09:13:31","date_gmt":"2021-06-12T12:13:31","guid":{"rendered":"https:\/\/www.radiopresidenteibanez.cl\/web\/?p=21426"},"modified":"2021-06-11T19:59:05","modified_gmt":"2021-06-11T22:59:05","slug":"abren-postulaciones-a-programa-de-riego-para-personas-indigenas-de-la-comuna-de-punta-arenas","status":"publish","type":"post","link":"https:\/\/www.radiopresidenteibanez.cl\/web\/abren-postulaciones-a-programa-de-riego-para-personas-indigenas-de-la-comuna-de-punta-arenas\/","title":{"rendered":"ABREN POSTULACIONES A PROGRAMA DE RIEGO PARA PERSONAS IND\u00cdGENAS DE LA COMUNA DE PUNTA ARENAS"},"content":{"rendered":"\n<p>El d\u00e9ficit h\u00eddrico de los \u00faltimos 11 a\u00f1os ha causado\ngrandes da\u00f1os y problemas al desarrollo de la agricultura, afectando\nprincipalmente a la poblaci\u00f3n m\u00e1s vulnerable, dentro de la cual se encuentra\nuna gran parte de la poblaci\u00f3n ind\u00edgena del pa\u00eds.<\/p>\n\n\n\n<p>Por ello, es que el Fondo de\nSolidaridad e Inversi\u00f3n Social (FOSIS)\ny la Corporaci\u00f3n Nacional de Desarrollo Ind\u00edgena (CONADI) firmaron un convenio\na nivel nacional que busca generar iniciativas de riego y\/o drenaje para\ndesarrollar productivamente predios de propiedad de personas, comunidades o\nparte de comunidades ind\u00edgenas de la poblaci\u00f3n rural.<\/p>\n\n\n\n<p>\u201cEste\nconvenio busca ir en apoyo de las personas que pertenecen a pueblos ind\u00edgenas y\nque adem\u00e1s son parte del 60% m\u00e1s vulnerables de nuestro pa\u00eds con soluciones de\nriego, precisamente para apoyarlos en el cultivo de sus tierras con\ntecnolog\u00edas, capacitaci\u00f3n, que busquen orientar y sacar el mejor provecho, el\nmejor uso al agua que ellos tienen disponible en una situaci\u00f3n de sequ\u00eda a\nnivel nacional\u201d, se\u00f1al\u00f3 el Director Nacional del FOSIS, Felipe Bettancourt.<\/p>\n\n\n\n<p>En tanto, la\ndirectora regional (s) y jefa de gesti\u00f3n de programas del servicio, Carla\nCifuentes, explic\u00f3 que \u201cel programa, que est\u00e1 focalizado para la comuna de\nPunta Arenas, entrega dos componentes, uno productivo, a trav\u00e9s del cual se van\na instalar o implementar obras para la eficiencia e innovaci\u00f3n en el manejo del\nagua, y un componente de formaci\u00f3n, para capacitar a las personas en el uso de\nestas tecnolog\u00edas, en temas medioambientales y de eficiencia h\u00eddrica. La\ninversi\u00f3n asciende a 118 millones de pesos para nuestra capital regional\u201d. <\/p>\n\n\n\n<p>Para\npostular al programa las personas deben estar inscritas en el registro de la\nCONADI o contar con un certificado de acreditaci\u00f3n de la calidad ind\u00edgena y\nestar dentro del tramo 60% de vulnerabilidad del Registro Social de Hogares\n(RSH) o acreditar vulnerabilidad con un informe social emitido por la\nmunicipalidad o gobernaci\u00f3n respectiva. Tambi\u00e9n deben contar con superficie\ncultivable y acceso a agua para riego.<\/p>\n\n\n\n<p>El proceso\nde postulaci\u00f3n estar\u00e1 disponible hasta el jueves 24 de junio, en la p\u00e1gina web<\/p>\n\n\n\n<p>&nbsp;<a href=\"http:\/\/www.fosis.gob.cl\/\">www.fosis.gob.cl<\/a>.<\/p>\n","protected":false},"excerpt":{"rendered":"<p>El d\u00e9ficit h\u00eddrico de los \u00faltimos 11 a\u00f1os ha causado grandes da\u00f1os y problemas al desarrollo de la agricultura, afectando principalmente a la poblaci\u00f3n m\u00e1s vulnerable, dentro de la cual&#8230; <a class=\"read-more\" href=\"https:\/\/www.radiopresidenteibanez.cl\/web\/abren-postulaciones-a-programa-de-riego-para-personas-indigenas-de-la-comuna-de-punta-arenas\/\">Leer m\u00e1s<\/a><\/p>\n","protected":false},"author":2,"featured_media":21427,"comment_status":"closed","ping_status":"closed","sticky":false,"template":"","format":"standard","meta":{"footnotes":""},"categories":[1],"tags":[],"class_list":["post-21426","post","type-post","status-publish","format-standard","has-post-thumbnail","hentry","category-cronica"],"_links":{"self":[{"href":"https:\/\/www.radiopresidenteibanez.cl\/web\/wp-json\/wp\/v2\/posts\/21426","targetHints":{"allow":["GET"]}}],"collection":[{"href":"https:\/\/www.radiopresidenteibanez.cl\/web\/wp-json\/wp\/v2\/posts"}],"about":[{"href":"https:\/\/www.radiopresidenteibanez.cl\/web\/wp-json\/wp\/v2\/types\/post"}],"author":[{"embeddable":true,"href":"https:\/\/www.radiopresidenteibanez.cl\/web\/wp-json\/wp\/v2\/users\/2"}],"replies":[{"embeddable":true,"href":"https:\/\/www.radiopresidenteibanez.cl\/web\/wp-json\/wp\/v2\/comments?post=21426"}],"version-history":[{"count":0,"href":"https:\/\/www.radiopresidenteibanez.cl\/web\/wp-json\/wp\/v2\/posts\/21426\/revisions"}],"wp:featuredmedia":[{"embeddable":true,"href":"https:\/\/www.radiopresidenteibanez.cl\/web\/wp-json\/wp\/v2\/media\/21427"}],"wp:attachment":[{"href":"https:\/\/www.radiopresidenteibanez.cl\/web\/wp-json\/wp\/v2\/media?parent=21426"}],"wp:term":[{"taxonomy":"category","embeddable":true,"href":"https:\/\/www.radiopresidenteibanez.cl\/web\/wp-json\/wp\/v2\/categories?post=21426"},{"taxonomy":"post_tag","embeddable":true,"href":"https:\/\/www.radiopresidenteibanez.cl\/web\/wp-json\/wp\/v2\/tags?post=21426"}],"curies":[{"name":"wp","href":"https:\/\/api.w.org\/{rel}","templated":true}]}}