{"id":21423,"date":"2021-06-12T08:30:57","date_gmt":"2021-06-12T11:30:57","guid":{"rendered":"https:\/\/www.radiopresidenteibanez.cl\/web\/?p=21423"},"modified":"2021-06-11T19:52:39","modified_gmt":"2021-06-11T22:52:39","slug":"mas-de-500-trabajadores-acceden-a-diagnostico-oftalmologico-gratuito","status":"publish","type":"post","link":"https:\/\/www.radiopresidenteibanez.cl\/web\/mas-de-500-trabajadores-acceden-a-diagnostico-oftalmologico-gratuito\/","title":{"rendered":"M\u00c1S DE 500 TRABAJADORES ACCEDEN A DIAGN\u00d3STICO OFTALMOL\u00d3GICO GRATUITO"},"content":{"rendered":"\n<p>Una positiva respuesta ha tenido el operativo oftalmol\u00f3gico gratuito impulsado por la empresa \u00d3ptica Roccelli en diversas comunas de Magallanes. En Tierra del Fuego, la iniciativa ha permitido entregar asesor\u00eda profesional a un gran n\u00famero de trabajadores pertenecientes a las empresas de la Asociaci\u00f3n Gremial de Industriales de Tierra del Fuego y Navarino, permitiendo extender dicho beneficio a las familias de los colaboradores, de acuerdo a lo informado por el presidente del gremio Manuel Mauricio Inostroza.<\/p>\n\n\n\n<p>\u201cAdem\u00e1s del car\u00e1cter preventivo que ofrece este operativo oftalmol\u00f3gico, hoy, debido a la situaci\u00f3n sanitaria por Covid 19, son muchas las horas que por razones laborales, o de estudio en el caso de nuestros hijos y familia, pasamos frente a un computador. Esta es otra de las razones por las que debemos estar atentos a la salud ocular,\u201d se\u00f1al\u00f3 Inostroza.<\/p>\n\n\n\n<p>Dicho operativo, que incluye consulta oftalmol\u00f3gica, evaluaciones, ex\u00e1menes y la&nbsp; entrega de todas las recetas m\u00e9dicas, responde a la alta demanda de este tipo de atenciones, relacionadas al \u00e1mbito visual \u00f3ptico.<\/p>\n\n\n\n<p>\u201cLos ex\u00e1menes de car\u00e1cter preventivo visual, se realizan en el lugar de trabajo, por tecn\u00f3logos m\u00e9dicos certificados y especializados en oftalmolog\u00eda, quienes cuentan con equipamiento de alta tecnolog\u00eda\u201d explic\u00f3 Odette Manr\u00edquez Villa, gerente Comercial Zona Austral, quien valor\u00f3 la gran respuesta de los trabajadores y sus empleadores. \u201cEstamos muy contentos de poder llevar adelante esta iniciativa que adem\u00e1s permite minimizar el riesgo de traslados, m\u00e1s a\u00fan cuando los usuarios viven o trabajan en zonas aisladas o alejadas de la capital regional\u201d, puntualiz\u00f3.<\/p>\n","protected":false},"excerpt":{"rendered":"<p>Una positiva respuesta ha tenido el operativo oftalmol\u00f3gico gratuito impulsado por la empresa \u00d3ptica Roccelli en diversas comunas de Magallanes. En Tierra del Fuego, la iniciativa ha permitido entregar asesor\u00eda&#8230; <a class=\"read-more\" href=\"https:\/\/www.radiopresidenteibanez.cl\/web\/mas-de-500-trabajadores-acceden-a-diagnostico-oftalmologico-gratuito\/\">Leer m\u00e1s<\/a><\/p>\n","protected":false},"author":2,"featured_media":21424,"comment_status":"closed","ping_status":"closed","sticky":false,"template":"","format":"standard","meta":{"footnotes":""},"categories":[1],"tags":[],"class_list":["post-21423","post","type-post","status-publish","format-standard","has-post-thumbnail","hentry","category-cronica"],"_links":{"self":[{"href":"https:\/\/www.radiopresidenteibanez.cl\/web\/wp-json\/wp\/v2\/posts\/21423","targetHints":{"allow":["GET"]}}],"collection":[{"href":"https:\/\/www.radiopresidenteibanez.cl\/web\/wp-json\/wp\/v2\/posts"}],"about":[{"href":"https:\/\/www.radiopresidenteibanez.cl\/web\/wp-json\/wp\/v2\/types\/post"}],"author":[{"embeddable":true,"href":"https:\/\/www.radiopresidenteibanez.cl\/web\/wp-json\/wp\/v2\/users\/2"}],"replies":[{"embeddable":true,"href":"https:\/\/www.radiopresidenteibanez.cl\/web\/wp-json\/wp\/v2\/comments?post=21423"}],"version-history":[{"count":0,"href":"https:\/\/www.radiopresidenteibanez.cl\/web\/wp-json\/wp\/v2\/posts\/21423\/revisions"}],"wp:featuredmedia":[{"embeddable":true,"href":"https:\/\/www.radiopresidenteibanez.cl\/web\/wp-json\/wp\/v2\/media\/21424"}],"wp:attachment":[{"href":"https:\/\/www.radiopresidenteibanez.cl\/web\/wp-json\/wp\/v2\/media?parent=21423"}],"wp:term":[{"taxonomy":"category","embeddable":true,"href":"https:\/\/www.radiopresidenteibanez.cl\/web\/wp-json\/wp\/v2\/categories?post=21423"},{"taxonomy":"post_tag","embeddable":true,"href":"https:\/\/www.radiopresidenteibanez.cl\/web\/wp-json\/wp\/v2\/tags?post=21423"}],"curies":[{"name":"wp","href":"https:\/\/api.w.org\/{rel}","templated":true}]}}