{"id":21420,"date":"2021-06-11T21:30:00","date_gmt":"2021-06-12T00:30:00","guid":{"rendered":"https:\/\/www.radiopresidenteibanez.cl\/web\/?p=21420"},"modified":"2021-06-11T19:47:22","modified_gmt":"2021-06-11T22:47:22","slug":"biblioteca-publica-digital-incorpora-a-su-catalogo-mas-de-200-novedades-editoriales","status":"publish","type":"post","link":"https:\/\/www.radiopresidenteibanez.cl\/web\/biblioteca-publica-digital-incorpora-a-su-catalogo-mas-de-200-novedades-editoriales\/","title":{"rendered":"BIBLIOTECA P\u00daBLICA DIGITAL INCORPORA A SU CAT\u00c1LOGO M\u00c1S DE 200 NOVEDADES EDITORIALES"},"content":{"rendered":"\n<p>Como todos los a\u00f1os, la Biblioteca P\u00fablica Digital (BPDigital), servicio\ngratuito de pr\u00e9stamo de libros digitales del Sistema Nacional de Bibliotecas\nP\u00fablicas, del Servicio Nacional del Patrimonio Cultural, del Ministerio de las\nCulturas, las Artes y el Patrimonio, est\u00e1 incorporando novedades editoriales a\nsu cat\u00e1logo. <\/p>\n\n\n\n<p>Son 210 t\u00edtulos los\nque corresponden a las novedades que, desde el mes de junio, estar\u00e1n\ndisponibles en <a href=\"http:\/\/www.bpdigital.cl\/\">www.bpdigital.cl<\/a> y en la APP\nBPDigital, para dispositivos m\u00f3viles con sistema operativo iOS y Android, y que\nvienen a sumarse a los m\u00e1s de 17.000 t\u00edtulos ya disponibles en la plataforma. <\/p>\n\n\n\n<p>\u00abLa Biblioteca P\u00fablica Digital est\u00e1 en constante\ntrabajo para ofrecer un cat\u00e1logo actualizado a sus usuarias y usuarios,\nquienes, adem\u00e1s, peri\u00f3dicamente realizan sugerencias de libros a la plataforma.\nDe esta manera tambi\u00e9n se busca robustecer la oferta con la participaci\u00f3n de\nlas y los lectores\u00bb, se\u00f1ala la ministra de las Culturas, las Artes y el\nPatrimonio, Consuelo Vald\u00e9s.<\/p>\n\n\n\n<p>La Biblioteca P\u00fablica Digital invirti\u00f3 m\u00e1s de 40 millones de pesos, y\ndio prioridad a novedades editoriales (hasta febrero de 2021), reposici\u00f3n de\nreservas y renovaci\u00f3n de licencias, completando la adquisici\u00f3n de 1.090\nt\u00edtulos.<\/p>\n\n\n\n<p>Algunos de los\nt\u00edtulos que se podr\u00e1n encontrar desde junio en la Biblioteca P\u00fablica Digital\nson: \u201cLos llanos\u201d de Federico Falco; \u201cDelatora\u201d de Joyce Carol Oates; \u201cMujeres\ndel alma m\u00eda\u201d de Isabel Allende; \u201cLa literatura y los dioses\u201d de Roberto\nCalasso; \u201cTao Te Ching Un libro sobre el Camino y la Virtud\u201d de \u00darsula K. Le\nGuin, entre otros.<\/p>\n\n\n\n<p>Se incorporar\u00e1n\ntambi\u00e9n las \u00faltimas publicaciones de escritoras chilenas contempor\u00e1neas, tales\ncomo \u201cMarca personal\u201d de Bego\u00f1a Ugalde; \u201cLos tigres\u201d de Mar\u00eda Paz Rodr\u00edguez;\n\u201cNo le temo a los muertos\u201d de Bernardita Bravo; \u201cEres buena y lo sabes\u201d de\nPaulina Flores, entre otras.<\/p>\n\n\n\n<p>Adem\u00e1s, en esta adquisici\u00f3n se suman a la plataforma\nlibros de editoriales chilenas que, hasta el momento, no estaban disponibles en\nla plataforma, tales como La Bonita Ediciones, Ediciones Ox\u00edmoron, Banda\nPropia, entre otras.<\/p>\n\n\n\n<p>Para hacer m\u00e1s f\u00e1cil la b\u00fasqueda de los nuevos\nt\u00edtulos, BPDigital ha creado la colecci\u00f3n especial \u201cNovedades\u201d, en la que\npodr\u00e1s encontrar todos los libros reci\u00e9n llegados a la biblioteca. Asimismo, en\nredes sociales puedes encontrar los t\u00edtulos con el hashtag #LeeConBPDigital.<\/p>\n","protected":false},"excerpt":{"rendered":"<p>Como todos los a\u00f1os, la Biblioteca P\u00fablica Digital (BPDigital), servicio gratuito de pr\u00e9stamo de libros digitales del Sistema Nacional de Bibliotecas P\u00fablicas, del Servicio Nacional del Patrimonio Cultural, del Ministerio&#8230; <a class=\"read-more\" href=\"https:\/\/www.radiopresidenteibanez.cl\/web\/biblioteca-publica-digital-incorpora-a-su-catalogo-mas-de-200-novedades-editoriales\/\">Leer m\u00e1s<\/a><\/p>\n","protected":false},"author":2,"featured_media":21421,"comment_status":"closed","ping_status":"closed","sticky":false,"template":"","format":"standard","meta":{"footnotes":""},"categories":[1],"tags":[],"class_list":["post-21420","post","type-post","status-publish","format-standard","has-post-thumbnail","hentry","category-cronica"],"_links":{"self":[{"href":"https:\/\/www.radiopresidenteibanez.cl\/web\/wp-json\/wp\/v2\/posts\/21420","targetHints":{"allow":["GET"]}}],"collection":[{"href":"https:\/\/www.radiopresidenteibanez.cl\/web\/wp-json\/wp\/v2\/posts"}],"about":[{"href":"https:\/\/www.radiopresidenteibanez.cl\/web\/wp-json\/wp\/v2\/types\/post"}],"author":[{"embeddable":true,"href":"https:\/\/www.radiopresidenteibanez.cl\/web\/wp-json\/wp\/v2\/users\/2"}],"replies":[{"embeddable":true,"href":"https:\/\/www.radiopresidenteibanez.cl\/web\/wp-json\/wp\/v2\/comments?post=21420"}],"version-history":[{"count":0,"href":"https:\/\/www.radiopresidenteibanez.cl\/web\/wp-json\/wp\/v2\/posts\/21420\/revisions"}],"wp:featuredmedia":[{"embeddable":true,"href":"https:\/\/www.radiopresidenteibanez.cl\/web\/wp-json\/wp\/v2\/media\/21421"}],"wp:attachment":[{"href":"https:\/\/www.radiopresidenteibanez.cl\/web\/wp-json\/wp\/v2\/media?parent=21420"}],"wp:term":[{"taxonomy":"category","embeddable":true,"href":"https:\/\/www.radiopresidenteibanez.cl\/web\/wp-json\/wp\/v2\/categories?post=21420"},{"taxonomy":"post_tag","embeddable":true,"href":"https:\/\/www.radiopresidenteibanez.cl\/web\/wp-json\/wp\/v2\/tags?post=21420"}],"curies":[{"name":"wp","href":"https:\/\/api.w.org\/{rel}","templated":true}]}}