{"id":21417,"date":"2021-06-11T20:13:00","date_gmt":"2021-06-11T23:13:00","guid":{"rendered":"https:\/\/www.radiopresidenteibanez.cl\/web\/?p=21417"},"modified":"2021-06-11T19:36:53","modified_gmt":"2021-06-11T22:36:53","slug":"este-sabado-en-dialogos-constituyentes-invitado-el-abogado-mauricio-daza-electo-constituyente-por-magallanes","status":"publish","type":"post","link":"https:\/\/www.radiopresidenteibanez.cl\/web\/este-sabado-en-dialogos-constituyentes-invitado-el-abogado-mauricio-daza-electo-constituyente-por-magallanes\/","title":{"rendered":"ESTE SABADO EN \u00abDIALOGOS CONSTITUYENTES\u00bb INVITADO EL ABOGADO MAURICIO DAZA ELECTO CONSTITUYENTE POR MAGALLANES"},"content":{"rendered":"\n<p>Este s\u00e1bado como es habitual de 13:00 a 14:00 horas se emitir\u00e1 una nueva edici\u00f3n de \u00abDi\u00e1logos Constituyentes\u00bb en Radio Presidente Iba\u00f1ez, programa conducido por Margarita Makuc, Natasha Alarc\u00f3n y Manuel Rodr\u00edguez, quienes conversaran con el constituyente electo por Magallanes el abogado Mauricio Daza<\/p>\n","protected":false},"excerpt":{"rendered":"<p>Este s\u00e1bado como es habitual de 13:00 a 14:00 horas se emitir\u00e1 una nueva edici\u00f3n de \u00abDi\u00e1logos Constituyentes\u00bb en Radio Presidente Iba\u00f1ez, programa conducido por Margarita Makuc, Natasha Alarc\u00f3n y&#8230; <a class=\"read-more\" href=\"https:\/\/www.radiopresidenteibanez.cl\/web\/este-sabado-en-dialogos-constituyentes-invitado-el-abogado-mauricio-daza-electo-constituyente-por-magallanes\/\">Leer m\u00e1s<\/a><\/p>\n","protected":false},"author":2,"featured_media":21418,"comment_status":"closed","ping_status":"closed","sticky":false,"template":"","format":"standard","meta":{"footnotes":""},"categories":[1],"tags":[],"class_list":["post-21417","post","type-post","status-publish","format-standard","has-post-thumbnail","hentry","category-cronica"],"_links":{"self":[{"href":"https:\/\/www.radiopresidenteibanez.cl\/web\/wp-json\/wp\/v2\/posts\/21417","targetHints":{"allow":["GET"]}}],"collection":[{"href":"https:\/\/www.radiopresidenteibanez.cl\/web\/wp-json\/wp\/v2\/posts"}],"about":[{"href":"https:\/\/www.radiopresidenteibanez.cl\/web\/wp-json\/wp\/v2\/types\/post"}],"author":[{"embeddable":true,"href":"https:\/\/www.radiopresidenteibanez.cl\/web\/wp-json\/wp\/v2\/users\/2"}],"replies":[{"embeddable":true,"href":"https:\/\/www.radiopresidenteibanez.cl\/web\/wp-json\/wp\/v2\/comments?post=21417"}],"version-history":[{"count":0,"href":"https:\/\/www.radiopresidenteibanez.cl\/web\/wp-json\/wp\/v2\/posts\/21417\/revisions"}],"wp:featuredmedia":[{"embeddable":true,"href":"https:\/\/www.radiopresidenteibanez.cl\/web\/wp-json\/wp\/v2\/media\/21418"}],"wp:attachment":[{"href":"https:\/\/www.radiopresidenteibanez.cl\/web\/wp-json\/wp\/v2\/media?parent=21417"}],"wp:term":[{"taxonomy":"category","embeddable":true,"href":"https:\/\/www.radiopresidenteibanez.cl\/web\/wp-json\/wp\/v2\/categories?post=21417"},{"taxonomy":"post_tag","embeddable":true,"href":"https:\/\/www.radiopresidenteibanez.cl\/web\/wp-json\/wp\/v2\/tags?post=21417"}],"curies":[{"name":"wp","href":"https:\/\/api.w.org\/{rel}","templated":true}]}}