{"id":21405,"date":"2021-06-11T14:17:44","date_gmt":"2021-06-11T17:17:44","guid":{"rendered":"https:\/\/www.radiopresidenteibanez.cl\/web\/?p=21405"},"modified":"2021-06-11T14:17:48","modified_gmt":"2021-06-11T17:17:48","slug":"con-voto-a-favor-de-la-diputada-amar-se-aprobo-proyecto-de-apoyo-a-las-pymes","status":"publish","type":"post","link":"https:\/\/www.radiopresidenteibanez.cl\/web\/con-voto-a-favor-de-la-diputada-amar-se-aprobo-proyecto-de-apoyo-a-las-pymes\/","title":{"rendered":"CON VOTO A FAVOR DE LA DIPUTADA AMAR SE APROB\u00d3 PROYECTO DE APOYO A LAS PYMES"},"content":{"rendered":"\n<p>Con\nvoto a favor de la Diputada Sandra Amar se aprob\u00f3 hoy en sesi\u00f3n especial de la\nC\u00e1mara un proyecto de ley que otorga bonos para apoyar a las micro y peque\u00f1as\nempresas (pymes), las que se han visto fuertemente afectadas por la crisis\nsanitaria del Covid 19.<\/p>\n\n\n\n<p>Esta\niniciativa busca otorgar un bono de $1 mill\u00f3n con cargo fiscal para las pymes\nque tengan ingresos anuales, durante el 2020, inferiores a las 25 mil UF ($740\nmillones) y adem\u00e1s, quienes podr\u00e1n obtener este beneficio son las pymes de los\nrubros de gastronom\u00eda, eventos de cultura, peluquer\u00eda, gimnasios, servicios de\nturismo, transportes y jardines infantiles, que hayan tenido ventas durante el\n2019.<\/p>\n\n\n\n<p>Al\nrespecto, la parlamentaria se\u00f1al\u00f3 \u201caprobamos en la C\u00e1mara un bono de alivio\npara las micro y peque\u00f1as empresas de un mill\u00f3n de pesos para aquellas que\nest\u00e1n en primera categor\u00eda y que han informado su iniciaci\u00f3n de actividades al\n31 de marzo del 2020. Este es un peque\u00f1o alivio, sabemos que la necesidades que\nhan tenido las micro y peque\u00f1as empresa de nuestro pa\u00eds ha sido relevante,\nalgunas han tenido que cerrar, otras han tenido que reinventarse, por lo tanto,\nhoy dimos un paso, un avance en este apoyo a estas micro y peque\u00f1as empresas\u201d. <\/p>\n\n\n\n<p>Adicional\na ello, la Diputada Amar se\u00f1al\u00f3 que \u201ctambi\u00e9n hay una buena noticia para las\nmujeres, para aquellas personas naturales y micro empresarias hay un bono de un\n20% que se adiciona al mill\u00f3n de pesos. Por otra parte, se incluy\u00f3 tambi\u00e9n un\ntema que nos hab\u00edan solicitado cuando uno ten\u00eda contacto con las pymes, que era\nla deuda del pago de cotizaciones previsionales porque algunos hab\u00edan declarado\npero no hab\u00edan podido cancelar y aqu\u00ed va un bono para que puedan solucionar\neste problema. As\u00ed que buenas noticias, las que despu\u00e9s vamos a comunicar ya\nm\u00e1s en detalle con los requisitos, plazos de postulaci\u00f3n, etc.\u201d. <\/p>\n\n\n\n<p>Se\u00f1alar\nque este proyecto de ley de apoyo a las pymes aun no es promulgado y pasa\nnuevamente al Senado porque se incluy\u00f3 una indicaci\u00f3n que favorece a las ferias\nlibres.<\/p>\n\n\n\n<p>Adem\u00e1s,\nes importante se\u00f1alar que al momento de promulgarse la Ley son 15 d\u00edas h\u00e1biles\npara solicitar este beneficio en la p\u00e1gina web del Servicio de Impuestos\nInternos, donde tambi\u00e9n se detallar\u00e1n los requisitos de postulaci\u00f3n.<\/p>\n","protected":false},"excerpt":{"rendered":"<p>Con voto a favor de la Diputada Sandra Amar se aprob\u00f3 hoy en sesi\u00f3n especial de la C\u00e1mara un proyecto de ley que otorga bonos para apoyar a las micro&#8230; <a class=\"read-more\" href=\"https:\/\/www.radiopresidenteibanez.cl\/web\/con-voto-a-favor-de-la-diputada-amar-se-aprobo-proyecto-de-apoyo-a-las-pymes\/\">Leer m\u00e1s<\/a><\/p>\n","protected":false},"author":2,"featured_media":21406,"comment_status":"closed","ping_status":"closed","sticky":false,"template":"","format":"standard","meta":{"footnotes":""},"categories":[1],"tags":[],"class_list":["post-21405","post","type-post","status-publish","format-standard","has-post-thumbnail","hentry","category-cronica"],"_links":{"self":[{"href":"https:\/\/www.radiopresidenteibanez.cl\/web\/wp-json\/wp\/v2\/posts\/21405","targetHints":{"allow":["GET"]}}],"collection":[{"href":"https:\/\/www.radiopresidenteibanez.cl\/web\/wp-json\/wp\/v2\/posts"}],"about":[{"href":"https:\/\/www.radiopresidenteibanez.cl\/web\/wp-json\/wp\/v2\/types\/post"}],"author":[{"embeddable":true,"href":"https:\/\/www.radiopresidenteibanez.cl\/web\/wp-json\/wp\/v2\/users\/2"}],"replies":[{"embeddable":true,"href":"https:\/\/www.radiopresidenteibanez.cl\/web\/wp-json\/wp\/v2\/comments?post=21405"}],"version-history":[{"count":0,"href":"https:\/\/www.radiopresidenteibanez.cl\/web\/wp-json\/wp\/v2\/posts\/21405\/revisions"}],"wp:featuredmedia":[{"embeddable":true,"href":"https:\/\/www.radiopresidenteibanez.cl\/web\/wp-json\/wp\/v2\/media\/21406"}],"wp:attachment":[{"href":"https:\/\/www.radiopresidenteibanez.cl\/web\/wp-json\/wp\/v2\/media?parent=21405"}],"wp:term":[{"taxonomy":"category","embeddable":true,"href":"https:\/\/www.radiopresidenteibanez.cl\/web\/wp-json\/wp\/v2\/categories?post=21405"},{"taxonomy":"post_tag","embeddable":true,"href":"https:\/\/www.radiopresidenteibanez.cl\/web\/wp-json\/wp\/v2\/tags?post=21405"}],"curies":[{"name":"wp","href":"https:\/\/api.w.org\/{rel}","templated":true}]}}