{"id":21389,"date":"2021-06-11T07:40:58","date_gmt":"2021-06-11T10:40:58","guid":{"rendered":"https:\/\/www.radiopresidenteibanez.cl\/web\/?p=21389"},"modified":"2021-06-10T20:57:52","modified_gmt":"2021-06-10T23:57:52","slug":"plan-invierno-en-provincia-de-magallanes-gobernacion-y-servicios-trabajando-para-mantener-la-conectividad-vial","status":"publish","type":"post","link":"https:\/\/www.radiopresidenteibanez.cl\/web\/plan-invierno-en-provincia-de-magallanes-gobernacion-y-servicios-trabajando-para-mantener-la-conectividad-vial\/","title":{"rendered":"PLAN INVIERNO EN PROVINCIA DE MAGALLANES: GOBERNACI\u00d3N Y SERVICIOS TRABAJANDO PARA MANTENER LA CONECTIVIDAD VIAL"},"content":{"rendered":"\n<p>Aunque debido a la primera nevada del a\u00f1o, ocurrida a fines de mayo, la\nDirecci\u00f3n de Vialidad, ya comenz\u00f3 con trabajos de despeje en la ruta, la fecha\noficial para el Plan de Invierno se considera entre el 04 de junio y el 04 de\nseptiembre. La actividad cont\u00f3 con la presencia del gobernador provincial de\nMagallanes, Alejandro V\u00e1squez Servieri, Alcalde Edgar C\u00e1rcamo y V\u00edctor Mu\u00f1oz, de\nla comuna de San Gregorio, el Seremi de Transportes y Telecomunicaciones, Marco\nMella, Director de Vialidad, Mario \u00c1lvarez, Comandante Sergio Su\u00e1rez, Capit\u00e1n\nCarlos Cifuentes, Teniente Alonso Zu\u00f1iga, de Carabineros, Fernando Colivoro\nMunicipalidad de Laguna Blanca, Director provincial de Riesgos y Emergencias,\nJimmy C\u00e1rdenas, funcionarios de los servicios involucrados.<\/p>\n\n\n\n<p>Esta actividad tuvo como objetivo revitalizar el sistema de emergencias\na nivel provincial, detallar los mecanismos que se activar\u00e1n para hacer frente\na las amenazas naturales, que surgen a ra\u00edz de las condiciones clim\u00e1ticas\npropias del invierno magall\u00e1nico y entregar informaci\u00f3n sobre los puntos\ncr\u00edticos presentes en las rutas que unen las diferentes comunas de la\nprovincia.<\/p>\n\n\n\n<p>La iniciativa, que se extender\u00e1 durante toda la temporada, considera la\ndisposici\u00f3n de personal y maquinaria especializada para desarrollar labores de\nemergencia y despeje de nieve para mantener la conectividad operativa en las\nrutas y caminos y mitigar riesgos frente a situaciones extremas en los meses de\ninvierno.<\/p>\n\n\n\n<p>El gobernador provincial de Magallanes, Alejandro V\u00e1squez Servieri,\nexplic\u00f3 que&nbsp; \u201cen la Provincia de\nMagallanes, compuesta por Punta Arenas, R\u00edo Verde, San Gregorio y Laguna\nBlanca, tenemos &nbsp;zonas que habitualmente\nse ven comprometidas por la inclemencias del tiempo. Los inviernos son duros y\nlas bajas temperaturas dan paso a la nieve y la escarcha que provoca m\u00e1s de\nalg\u00fan accidente en la ruta y camino interiores, por lo tanto, este tipo de\nreuniones es fundamental realizarlas con tiempo, para de esa manera estar\npreparados y tambi\u00e9n conocer los planes de contingencia de cada uno de los\nservicios estableciendo los roles cuando se presente una situaci\u00f3n de\nemergencia\u201d destac\u00f3.<\/p>\n\n\n\n<p>La comunicaci\u00f3n entre los Servicios y los entes relacionados con este tipo\nde situaciones, es esencial para lograr un efectivo funcionamiento en\nsituaciones de emergencia y en ese sentido la oficina de Vialidad realiz\u00f3 una\nexposici\u00f3n sobre el estado y mantenci\u00f3n de los caminos de las rutas CH255, CH257\ny Ruta 9<\/p>\n\n\n\n<p>En la provincia de Magallanes, Vialidad cuenta con dos campamentos, uno en sector de Monte Aymond,\nKm 142 en la ruta 255, el otro se ubica en kil\u00f3metro 103 de la ruta 9. Desde\nall\u00ed se direccionan los trabajos de despeje de nieve y esparcido de sal,\naccionar de motoniveladoras, tractor y camiones esparcidores. El director de Vialidad, Mario \u00c1lvarez, \u201cComo\ntodos los a\u00f1os, estamos atentos a las circunstancias para el despeje de\ncaminos, si es que la condici\u00f3n lo amerita. Nuestras rutas deben estar siempre\naptas, incluso en condiciones de nieve y hielo. Tenemos que tener en cuenta,\npor ejemplo, que debido a los cambios clim\u00e1ticos, en los \u00faltimos tres a\u00f1os ha\nhabido aumento de escarcha, lo que implica un aumento tambi\u00e9n en las toneladas\nde sal que se esparcen en la ruta\u201d.<\/p>\n\n\n\n<p>En la reuni\u00f3n todos los involucrados estuvieron de acuerdo en la\nrelevancia de la se\u00f1al\u00e9tica, que informa a los conductores de las condiciones\ndel camino, lo que se traduce en una disminuci\u00f3n de accidentes. En las mejoras\nde las bermas, despeje de cerros para evitar desmoronamiento sobre la calzada. Trabajos\nen caminos interiores de tierra que se tornan intransitables, barreras de\ncontrol. Son entre otras, <\/p>\n\n\n\n<p>\u201cEsto es fundamental para nosotros, sabemos que los equipos que\ntrabajan son profesionales especialistas en este tipo de labores, un aporte\nnecesario, que entrega seguridad a la conectividad de todos los habitantes de\nnuestro territorio, y el trabajo de cada una de las \u00e1reas es necesario. La\nlabor de Carabineros es fundamental, como tambi\u00e9n lo es tener las\ncoordinaciones precisas con la Seremi de Transportes y Telecomunicaciones, las\nMunicipalidades de la provincia y sus encargados de emergencia,\u201d puntualiz\u00f3 el\ngobernador V\u00e1squez.&nbsp;<\/p>\n\n\n\n<p>En la oportunidad el Coordinador de Complejo Fronterizo Integraci\u00f3n\nAustral, Mariano Kusanovic, inform\u00f3 que existe, adem\u00e1s, un grupo de trabajo\ninvernal (GTI), el cual realiza las coordinaciones entre las rutas&nbsp; chileno-argentinas. (Argentina-Argentina, por\nruta chilena, Chile-Chile, por ruta argentina). La coordinaci\u00f3n se realiza a\ntrav\u00e9s de las Vialidades chilenas y argentinas de ambos pa\u00edses.<\/p>\n","protected":false},"excerpt":{"rendered":"<p>Aunque debido a la primera nevada del a\u00f1o, ocurrida a fines de mayo, la Direcci\u00f3n de Vialidad, ya comenz\u00f3 con trabajos de despeje en la ruta, la fecha oficial para&#8230; <a class=\"read-more\" href=\"https:\/\/www.radiopresidenteibanez.cl\/web\/plan-invierno-en-provincia-de-magallanes-gobernacion-y-servicios-trabajando-para-mantener-la-conectividad-vial\/\">Leer m\u00e1s<\/a><\/p>\n","protected":false},"author":2,"featured_media":21390,"comment_status":"closed","ping_status":"closed","sticky":false,"template":"","format":"standard","meta":{"footnotes":""},"categories":[1],"tags":[],"class_list":["post-21389","post","type-post","status-publish","format-standard","has-post-thumbnail","hentry","category-cronica"],"_links":{"self":[{"href":"https:\/\/www.radiopresidenteibanez.cl\/web\/wp-json\/wp\/v2\/posts\/21389","targetHints":{"allow":["GET"]}}],"collection":[{"href":"https:\/\/www.radiopresidenteibanez.cl\/web\/wp-json\/wp\/v2\/posts"}],"about":[{"href":"https:\/\/www.radiopresidenteibanez.cl\/web\/wp-json\/wp\/v2\/types\/post"}],"author":[{"embeddable":true,"href":"https:\/\/www.radiopresidenteibanez.cl\/web\/wp-json\/wp\/v2\/users\/2"}],"replies":[{"embeddable":true,"href":"https:\/\/www.radiopresidenteibanez.cl\/web\/wp-json\/wp\/v2\/comments?post=21389"}],"version-history":[{"count":0,"href":"https:\/\/www.radiopresidenteibanez.cl\/web\/wp-json\/wp\/v2\/posts\/21389\/revisions"}],"wp:featuredmedia":[{"embeddable":true,"href":"https:\/\/www.radiopresidenteibanez.cl\/web\/wp-json\/wp\/v2\/media\/21390"}],"wp:attachment":[{"href":"https:\/\/www.radiopresidenteibanez.cl\/web\/wp-json\/wp\/v2\/media?parent=21389"}],"wp:term":[{"taxonomy":"category","embeddable":true,"href":"https:\/\/www.radiopresidenteibanez.cl\/web\/wp-json\/wp\/v2\/categories?post=21389"},{"taxonomy":"post_tag","embeddable":true,"href":"https:\/\/www.radiopresidenteibanez.cl\/web\/wp-json\/wp\/v2\/tags?post=21389"}],"curies":[{"name":"wp","href":"https:\/\/api.w.org\/{rel}","templated":true}]}}