{"id":2138,"date":"2019-03-12T13:49:15","date_gmt":"2019-03-12T13:49:15","guid":{"rendered":"http:\/\/www.radiopresidenteibanez.cl\/web\/?p=2138"},"modified":"2019-03-12T13:49:44","modified_gmt":"2019-03-12T13:49:44","slug":"monologos-de-la-vagina-llegan-a-punta-arenas","status":"publish","type":"post","link":"https:\/\/www.radiopresidenteibanez.cl\/web\/monologos-de-la-vagina-llegan-a-punta-arenas\/","title":{"rendered":"\u00abMON\u00d3LOGOS DE LA VAGINA\u00bb LLEGAN A PUNTA ARENAS"},"content":{"rendered":"\n<p>La obra de Teatro, protagonizada por Lily P\u00e9rez, Magdalena Marzolo y Ver\u00f3nica Gonz\u00e1lez hace su estreno en la Cartelera Cultural Municipal de Punta Arenas, con un elenco \u00fanico que recorrer\u00e1, a trav\u00e9s del humor y a ratos el horror, los pasajes dedicados a la erradicaci\u00f3n de la violencia contra las mujeres, todo esto basado en las entrevistas realizadas por la autora original de Los Mon\u00f3logos de la Vagina, Eve Ensler, a f\u00e9minas de todo el mundo.<\/p>\n\n\n\n<p>La idea original de Ensler, se elabora tras un viaje a Bosnia en el que fue testigo de la violencia sexual ejercida sobre las mujeres como parte estrategia de guerra de las fuerzas serbias.<\/p>\n\n\n\n<p>\u00abLos Mon\u00f3logos de la Vagina\u00bb es una creaci\u00f3n pol\u00e9mica y transgresora, inteligente, din\u00e1mica y divertida, donde se repasan clich\u00e9s, comportamientos, creencias y experiencias de un pu\u00f1ado de mujeres en relaci\u00f3n con su sexo.<\/p>\n\n\n\n<p>\u201cLa invitaci\u00f3n est\u00e1 hecha, as\u00ed que los esperamos con una obra entretenida que ha sido un \u00e9xito en Chile por muchos a\u00f1os y que por primera vez viene a nuestra ciudad el d\u00eda jueves 14 de marzo en el Teatro Municipal\u201d, dijo el alcalde Claudio Radonich.<\/p>\n\n\n\n<p>La funci\u00f3n se realizar\u00e1 el d\u00eda jueves 14 de marzo a las 19 horas en el Teatro Municipal Jos\u00e9 Bohr, y las invitaciones se pueden retirar a partir de ma\u00f1ana martes 12 de marzo entre las 15 y \u00a018 horas en el mismo Teatro o en las dependencias de Unimarc Sur.<\/p>\n\n\n\n<figure class=\"wp-block-image\"><img loading=\"lazy\" decoding=\"async\" width=\"1024\" height=\"384\" src=\"https:\/\/www.radiopresidenteibanez.cl\/web\/wp-content\/uploads\/2019\/03\/monologos-1024x384.jpg\" alt=\"\" class=\"wp-image-2139\" srcset=\"https:\/\/www.radiopresidenteibanez.cl\/web\/wp-content\/uploads\/2019\/03\/monologos-1024x384.jpg 1024w, https:\/\/www.radiopresidenteibanez.cl\/web\/wp-content\/uploads\/2019\/03\/monologos-300x113.jpg 300w, https:\/\/www.radiopresidenteibanez.cl\/web\/wp-content\/uploads\/2019\/03\/monologos-768x288.jpg 768w, https:\/\/www.radiopresidenteibanez.cl\/web\/wp-content\/uploads\/2019\/03\/monologos.jpg 1500w\" sizes=\"auto, (max-width: 1024px) 100vw, 1024px\" \/><\/figure>\n","protected":false},"excerpt":{"rendered":"<p>La obra de Teatro, protagonizada por Lily P\u00e9rez, Magdalena Marzolo y Ver\u00f3nica Gonz\u00e1lez hace su estreno en la Cartelera Cultural Municipal de Punta Arenas, con un elenco \u00fanico que recorrer\u00e1,&#8230; <a class=\"read-more\" href=\"https:\/\/www.radiopresidenteibanez.cl\/web\/monologos-de-la-vagina-llegan-a-punta-arenas\/\">Leer m\u00e1s<\/a><\/p>\n","protected":false},"author":2,"featured_media":2139,"comment_status":"closed","ping_status":"closed","sticky":false,"template":"","format":"standard","meta":{"footnotes":""},"categories":[1],"tags":[],"class_list":["post-2138","post","type-post","status-publish","format-standard","has-post-thumbnail","hentry","category-cronica"],"_links":{"self":[{"href":"https:\/\/www.radiopresidenteibanez.cl\/web\/wp-json\/wp\/v2\/posts\/2138","targetHints":{"allow":["GET"]}}],"collection":[{"href":"https:\/\/www.radiopresidenteibanez.cl\/web\/wp-json\/wp\/v2\/posts"}],"about":[{"href":"https:\/\/www.radiopresidenteibanez.cl\/web\/wp-json\/wp\/v2\/types\/post"}],"author":[{"embeddable":true,"href":"https:\/\/www.radiopresidenteibanez.cl\/web\/wp-json\/wp\/v2\/users\/2"}],"replies":[{"embeddable":true,"href":"https:\/\/www.radiopresidenteibanez.cl\/web\/wp-json\/wp\/v2\/comments?post=2138"}],"version-history":[{"count":0,"href":"https:\/\/www.radiopresidenteibanez.cl\/web\/wp-json\/wp\/v2\/posts\/2138\/revisions"}],"wp:featuredmedia":[{"embeddable":true,"href":"https:\/\/www.radiopresidenteibanez.cl\/web\/wp-json\/wp\/v2\/media\/2139"}],"wp:attachment":[{"href":"https:\/\/www.radiopresidenteibanez.cl\/web\/wp-json\/wp\/v2\/media?parent=2138"}],"wp:term":[{"taxonomy":"category","embeddable":true,"href":"https:\/\/www.radiopresidenteibanez.cl\/web\/wp-json\/wp\/v2\/categories?post=2138"},{"taxonomy":"post_tag","embeddable":true,"href":"https:\/\/www.radiopresidenteibanez.cl\/web\/wp-json\/wp\/v2\/tags?post=2138"}],"curies":[{"name":"wp","href":"https:\/\/api.w.org\/{rel}","templated":true}]}}