{"id":2135,"date":"2019-03-12T13:45:49","date_gmt":"2019-03-12T13:45:49","guid":{"rendered":"http:\/\/www.radiopresidenteibanez.cl\/web\/?p=2135"},"modified":"2019-03-12T13:46:19","modified_gmt":"2019-03-12T13:46:19","slug":"la-camara-chilena-de-la-construccion-de-punta-arenas-se-reunio-con-nuevo-intendente-de-magallanes","status":"publish","type":"post","link":"https:\/\/www.radiopresidenteibanez.cl\/web\/la-camara-chilena-de-la-construccion-de-punta-arenas-se-reunio-con-nuevo-intendente-de-magallanes\/","title":{"rendered":"LA C\u00c1MARA CHILENA DE LA CONSTRUCCI\u00d3N DE PUNTA ARENAS SE REUNI\u00d3 CON NUEVO INTENDENTE DE MAGALLANES"},"content":{"rendered":"\n<p>Hasta las dependencias de la&nbsp;Intendencia&nbsp;regional lleg\u00f3 la Mesa Directiva Regional de la C\u00e1mara Chilena de la Construcci\u00f3n de Punta Arenas, para brindarle un saludo protocolar al&nbsp;Intendente&nbsp;de Magallanes y Ant\u00e1rtica Chilena, Jos\u00e9 Fern\u00e1ndez.<\/p>\n\n\n\n<p>Durante el encuentro, se convers\u00f3 de diversos temas de importancia en la regi\u00f3n, como el traspaso de competencias a los nuevos gobernadores regionales y los proyectos de infraestructura que priorizar\u00e1 el Estado durante los pr\u00f3ximos a\u00f1os, entre otras tem\u00e1ticas.<\/p>\n\n\n\n<p>\u201cEsto fue un saludo protocolar que la C\u00e1mara vino a hacerme como nuevo Intendente. Conversamos de temas generales, de la visi\u00f3n que yo tengo de la regi\u00f3n para llevar a cabo en este tiempo de gesti\u00f3n, y ellos tambi\u00e9n plantearon su visi\u00f3n, pero todo de manera somera. M\u00e1s adelante se gestionar\u00e1n reuniones de trabajo para ir determinando algunos proyectos que podamos ir trabajando en conjunto\u201d, indic\u00f3 el&nbsp;Intendente&nbsp;de Magallanes y Ant\u00e1rtica Chilena, Jos\u00e9 Fern\u00e1ndez.<\/p>\n\n\n\n<p>As\u00ed, los directivos de CChC Punta Arenas entregaron su postura frente a distintas tem\u00e1ticas y expusieron la necesidad de tener un Plan de Desarrollo Regional claro que incluya obras emblem\u00e1ticas para Magallanes.<\/p>\n\n\n\n<p>\u201cExiste el famoso Plan Regi\u00f3n Magallanes, que nosotros estamos reevaluando, reorientando, por lo que les manifest\u00e9 que una vez que lo tengamos listo se los vamos a hacer conocer para que ellos (autoridades de la CChC) puedan ir orient\u00e1ndose de cu\u00e1les son los lineamientos que tenemos como Gobierno regional. Estamos viendo a cu\u00e1les proyectos les vamos a dar mayor celeridad y cu\u00e1les tienen una mayor probabilidad de ver la luz en este periodo de Gobierno\u201d, coment\u00f3 el Intendente Fern\u00e1ndez. &nbsp;<\/p>\n\n\n\n<p>En tanto, el presidente de la CChC Punta Arenas, Jos\u00e9 Alvarado, se\u00f1al\u00f3 que \u201cfue una reuni\u00f3n muy positiva. Nuestra idea era saludarlo y darle a conocer nuestro punto de vista y prestarle todo el apoyo que sea necesario, y decirle que se pueda trabajar en conjunto sobre el Plan Magallanes o las modificaciones que se tengan al Plan, y continuar en una l\u00ednea de desarrollo regional\u201d.<\/p>\n\n\n\n<p>Finalmente, la C\u00e1mara Chilena de la Construcci\u00f3n de Punta Arenas invit\u00f3 cordialmente al nuevo Intendente a la celebraci\u00f3n del D\u00eda del Maestro de la Construcci\u00f3n, que este a\u00f1o se realizar\u00e1 en Puerto Williams.<br><\/p>\n\n\n\n<figure class=\"wp-block-image\"><img loading=\"lazy\" decoding=\"async\" width=\"900\" height=\"600\" src=\"https:\/\/www.radiopresidenteibanez.cl\/web\/wp-content\/uploads\/2019\/03\/Reuni\u00f3n-CChC-Intendente-08-03-2019-2.jpg\" alt=\"\" class=\"wp-image-2136\" srcset=\"https:\/\/www.radiopresidenteibanez.cl\/web\/wp-content\/uploads\/2019\/03\/Reuni\u00f3n-CChC-Intendente-08-03-2019-2.jpg 900w, https:\/\/www.radiopresidenteibanez.cl\/web\/wp-content\/uploads\/2019\/03\/Reuni\u00f3n-CChC-Intendente-08-03-2019-2-300x200.jpg 300w, https:\/\/www.radiopresidenteibanez.cl\/web\/wp-content\/uploads\/2019\/03\/Reuni\u00f3n-CChC-Intendente-08-03-2019-2-768x512.jpg 768w\" sizes=\"auto, (max-width: 900px) 100vw, 900px\" \/><\/figure>\n","protected":false},"excerpt":{"rendered":"<p>Hasta las dependencias de la&nbsp;Intendencia&nbsp;regional lleg\u00f3 la Mesa Directiva Regional de la C\u00e1mara Chilena de la Construcci\u00f3n de Punta Arenas, para brindarle un saludo protocolar al&nbsp;Intendente&nbsp;de Magallanes y Ant\u00e1rtica Chilena,&#8230; <a class=\"read-more\" href=\"https:\/\/www.radiopresidenteibanez.cl\/web\/la-camara-chilena-de-la-construccion-de-punta-arenas-se-reunio-con-nuevo-intendente-de-magallanes\/\">Leer m\u00e1s<\/a><\/p>\n","protected":false},"author":2,"featured_media":2136,"comment_status":"closed","ping_status":"closed","sticky":false,"template":"","format":"standard","meta":{"footnotes":""},"categories":[1],"tags":[],"class_list":["post-2135","post","type-post","status-publish","format-standard","has-post-thumbnail","hentry","category-cronica"],"_links":{"self":[{"href":"https:\/\/www.radiopresidenteibanez.cl\/web\/wp-json\/wp\/v2\/posts\/2135","targetHints":{"allow":["GET"]}}],"collection":[{"href":"https:\/\/www.radiopresidenteibanez.cl\/web\/wp-json\/wp\/v2\/posts"}],"about":[{"href":"https:\/\/www.radiopresidenteibanez.cl\/web\/wp-json\/wp\/v2\/types\/post"}],"author":[{"embeddable":true,"href":"https:\/\/www.radiopresidenteibanez.cl\/web\/wp-json\/wp\/v2\/users\/2"}],"replies":[{"embeddable":true,"href":"https:\/\/www.radiopresidenteibanez.cl\/web\/wp-json\/wp\/v2\/comments?post=2135"}],"version-history":[{"count":0,"href":"https:\/\/www.radiopresidenteibanez.cl\/web\/wp-json\/wp\/v2\/posts\/2135\/revisions"}],"wp:featuredmedia":[{"embeddable":true,"href":"https:\/\/www.radiopresidenteibanez.cl\/web\/wp-json\/wp\/v2\/media\/2136"}],"wp:attachment":[{"href":"https:\/\/www.radiopresidenteibanez.cl\/web\/wp-json\/wp\/v2\/media?parent=2135"}],"wp:term":[{"taxonomy":"category","embeddable":true,"href":"https:\/\/www.radiopresidenteibanez.cl\/web\/wp-json\/wp\/v2\/categories?post=2135"},{"taxonomy":"post_tag","embeddable":true,"href":"https:\/\/www.radiopresidenteibanez.cl\/web\/wp-json\/wp\/v2\/tags?post=2135"}],"curies":[{"name":"wp","href":"https:\/\/api.w.org\/{rel}","templated":true}]}}