{"id":21284,"date":"2021-06-06T20:09:49","date_gmt":"2021-06-06T23:09:49","guid":{"rendered":"https:\/\/www.radiopresidenteibanez.cl\/web\/?p=21284"},"modified":"2021-06-06T20:09:56","modified_gmt":"2021-06-06T23:09:56","slug":"oficina-parlamentaria-del-diputado-karim-bianchi-invita-gratuitamente-a-familias-a-obtener-su-permiso-de-movilidad-y-su-registro-social-de-hogares","status":"publish","type":"post","link":"https:\/\/www.radiopresidenteibanez.cl\/web\/oficina-parlamentaria-del-diputado-karim-bianchi-invita-gratuitamente-a-familias-a-obtener-su-permiso-de-movilidad-y-su-registro-social-de-hogares\/","title":{"rendered":"OFICINA PARLAMENTARIA DEL DIPUTADO KARIM BIANCHI INVITA GRATUITAMENTE A FAMILIAS A OBTENER SU PERMISO DE MOVILIDAD Y SU REGISTRO SOCIAL DE HOGARES."},"content":{"rendered":"\n<p> El pase de movilidad ha surgido como un apoyo de mayor libertad a favor de las personas que yacuentan con sus dos vacunas al d\u00eda contra el coronavirus. Muchas personas, no tienen laposibilidad de obtener este documento, por no contar con internet. Es por este motivo que laoficina parlamentaria del diputado Karim Bianchi Retamales, ha iniciado la atenci\u00f3n gratuita dela comunidad.De esta manera se entregar\u00e1 el pase de movilidad plastificado a quienes acudan a sus oficinasparlamentarias. <\/p>\n\n\n\n<p>La atenci\u00f3n se realizar\u00e1 en Punta Arenas, de lunes a viernes entre las 09:30 a las 13 horas y de 14,30 a 18 horas y en la ciudad de Puerto Natales en la calle Tomas Roger 80, entrelas 15 y las 18 horas.Esto se sumar\u00e1 a la atenci\u00f3n ciudadana para obtener la Ficha Social de Hogares que permitir\u00e1 laobtenci\u00f3n de los diversos beneficios del estado, entre ellos, el IFE Universal que fue aprobada porel Congreso Nacional, donde el diputado Bianchi, voto a favor.El diputado Karim Bianchi Retamales, explico que \u201cEs importante poder brindar ayuda a losvecinos y vecinas que no cuentan con sistema computacional y que requieren estos documentos,que en estos d\u00edas son muy necesarios\u201d \u201cContamos con un equipo de profesionales, con altosentido social y por eso abrimos nuestras oficinas para la atenci\u00f3n gratuita\u201d. <\/p>\n","protected":false},"excerpt":{"rendered":"<p>El pase de movilidad ha surgido como un apoyo de mayor libertad a favor de las personas que yacuentan con sus dos vacunas al d\u00eda contra el coronavirus. Muchas personas,&#8230; <a class=\"read-more\" href=\"https:\/\/www.radiopresidenteibanez.cl\/web\/oficina-parlamentaria-del-diputado-karim-bianchi-invita-gratuitamente-a-familias-a-obtener-su-permiso-de-movilidad-y-su-registro-social-de-hogares\/\">Leer m\u00e1s<\/a><\/p>\n","protected":false},"author":2,"featured_media":21286,"comment_status":"closed","ping_status":"closed","sticky":false,"template":"","format":"standard","meta":{"footnotes":""},"categories":[1],"tags":[],"class_list":["post-21284","post","type-post","status-publish","format-standard","has-post-thumbnail","hentry","category-cronica"],"_links":{"self":[{"href":"https:\/\/www.radiopresidenteibanez.cl\/web\/wp-json\/wp\/v2\/posts\/21284","targetHints":{"allow":["GET"]}}],"collection":[{"href":"https:\/\/www.radiopresidenteibanez.cl\/web\/wp-json\/wp\/v2\/posts"}],"about":[{"href":"https:\/\/www.radiopresidenteibanez.cl\/web\/wp-json\/wp\/v2\/types\/post"}],"author":[{"embeddable":true,"href":"https:\/\/www.radiopresidenteibanez.cl\/web\/wp-json\/wp\/v2\/users\/2"}],"replies":[{"embeddable":true,"href":"https:\/\/www.radiopresidenteibanez.cl\/web\/wp-json\/wp\/v2\/comments?post=21284"}],"version-history":[{"count":0,"href":"https:\/\/www.radiopresidenteibanez.cl\/web\/wp-json\/wp\/v2\/posts\/21284\/revisions"}],"wp:featuredmedia":[{"embeddable":true,"href":"https:\/\/www.radiopresidenteibanez.cl\/web\/wp-json\/wp\/v2\/media\/21286"}],"wp:attachment":[{"href":"https:\/\/www.radiopresidenteibanez.cl\/web\/wp-json\/wp\/v2\/media?parent=21284"}],"wp:term":[{"taxonomy":"category","embeddable":true,"href":"https:\/\/www.radiopresidenteibanez.cl\/web\/wp-json\/wp\/v2\/categories?post=21284"},{"taxonomy":"post_tag","embeddable":true,"href":"https:\/\/www.radiopresidenteibanez.cl\/web\/wp-json\/wp\/v2\/tags?post=21284"}],"curies":[{"name":"wp","href":"https:\/\/api.w.org\/{rel}","templated":true}]}}