{"id":21270,"date":"2021-06-06T11:50:00","date_gmt":"2021-06-06T14:50:00","guid":{"rendered":"https:\/\/www.radiopresidenteibanez.cl\/web\/?p=21270"},"modified":"2021-06-06T11:30:46","modified_gmt":"2021-06-06T14:30:46","slug":"quiero-mi-barrio-instalo-punto-verde-para-receptaculos-de-reciclaje-en-eusebio-lillo-cumbres-patagonicas","status":"publish","type":"post","link":"https:\/\/www.radiopresidenteibanez.cl\/web\/quiero-mi-barrio-instalo-punto-verde-para-receptaculos-de-reciclaje-en-eusebio-lillo-cumbres-patagonicas\/","title":{"rendered":"QUIERO MI BARRIO INSTAL\u00d3 \u201cPUNTO VERDE\u201d PARA RECEPT\u00c1CULOS DE RECICLAJE EN EUSEBIO LILLO-CUMBRES PATAG\u00d3NICAS"},"content":{"rendered":"\n<p>En el Marco del Plan de Gesti\u00f3n Social del Programa Quiero Mi Barrio del Ministerio de Vivienda y\nUrbanismo, en alianza con la Ilustre Municipalidad de Punta Arenas, se dio\ninicio al proyecto \u201cPor un barrio limpio y\nverde\u201d, instalando un \u201cPunto Verde\u201d con recept\u00e1culos para reciclaje de\nresiduos domiciliarios en el Barrio Eusebio Lillo-Cumbres Patag\u00f3nicas.<\/p>\n\n\n\n<p>Coincidiendo\ncon el D\u00eda del Medio Ambiente, la actividad se desarroll\u00f3 de manera online en\norden al protocolo sanitario correspondiente a la Fase 2 del Plan Paso a Paso\npara Punta Arenas, convocando a vecinos del sector, como as\u00ed tambi\u00e9n de El Ping\u00fcino, Camilo Henr\u00edquez y Juan Pablo II, acompa\u00f1ados\npor representantes de la Seremi de Vivienda y Urbanismo, el Seremi de Medio\nAmbiente, Carlos Olave, y Christian Mu\u00f1oz Oyarzo, jefe del Departamento de\nMedio Ambiente de la Municipalidad de Punta Arenas.<\/p>\n\n\n\n<p>La secretaria del Consejo\nVecinal de Desarrollo del Barrio Eusebio Lillo-Cumbres Patag\u00f3nicas, Hidalba\nRojas, manifest\u00f3 que \u00abquiero agradecer al Programa Quiero Mi Barrio por la\ninstalaci\u00f3n de los recept\u00e1culos que nos permitir\u00e1n reciclar, porque queremos un\nbarrio limpio y verde. Por tal motivo nuestro compromiso es sensibilizar e\nincentivar a nuestros vecinos de ambos barrios a que se cumpla el objetivo, y a\nque se le den un buen uso a los contenedores, especialmente hoy que se celebra\nel D\u00eda Mundial del Medio Ambiente\u00bb.<\/p>\n\n\n\n<p>En la reuni\u00f3n se mostraron videos que llamaron a tomar\nconciencia a los vecinos sobre la importancia que tiene el cuidado del medio\nambiente para la vida cotidiana de todos quienes habitan el planeta, qu\u00e9 es la\neconom\u00eda circular y c\u00f3mo ser parte de ella, como as\u00ed tambi\u00e9n im\u00e1genes de los\nmicrobasurales del barrio y un tutorial sobre qu\u00e9 tipo de residuo se deposita\nen el reci\u00e9n inaugurado \u201cPunto Verde\u201d, indicando el color que corresponde para\npl\u00e1sticos, vidrios, papeles\/cartones y latas. <\/p>\n\n\n\n<p>El seremi (s), Rafael Vidal,\ndestac\u00f3 al respecto que \u201ccomo Ministerio de Vivienda y Urbanismo, liderado por\nnuestro Ministro Felipe Ward, y puntualmente a trav\u00e9s del Programa Quiero Mi\nBarrio del MINVU en alianza con las I. Municipalidades, enmarcados en el eje\nmedioambiental de trabajo, buscamos motivar y dar a conocer a vecinos y vecinas\nla ejecuci\u00f3n de experiencias pr\u00e1cticas de cuidado del medioambiente, que a su\nvez puedan ser replicadas, no s\u00f3lo por los barrios intervenidos por el\nPrograma, sino tambi\u00e9n por la comunidad en general, es decir, el impacto del\nPrograma trasciende al barrio&nbsp; para\ninfluir positivamente en la comunidad en su conjunto\u00bb.<\/p>\n","protected":false},"excerpt":{"rendered":"<p>En el Marco del Plan de Gesti\u00f3n Social del Programa Quiero Mi Barrio del Ministerio de Vivienda y Urbanismo, en alianza con la Ilustre Municipalidad de Punta Arenas, se dio&#8230; <a class=\"read-more\" href=\"https:\/\/www.radiopresidenteibanez.cl\/web\/quiero-mi-barrio-instalo-punto-verde-para-receptaculos-de-reciclaje-en-eusebio-lillo-cumbres-patagonicas\/\">Leer m\u00e1s<\/a><\/p>\n","protected":false},"author":2,"featured_media":21271,"comment_status":"closed","ping_status":"closed","sticky":false,"template":"","format":"standard","meta":{"footnotes":""},"categories":[1],"tags":[],"class_list":["post-21270","post","type-post","status-publish","format-standard","has-post-thumbnail","hentry","category-cronica"],"_links":{"self":[{"href":"https:\/\/www.radiopresidenteibanez.cl\/web\/wp-json\/wp\/v2\/posts\/21270","targetHints":{"allow":["GET"]}}],"collection":[{"href":"https:\/\/www.radiopresidenteibanez.cl\/web\/wp-json\/wp\/v2\/posts"}],"about":[{"href":"https:\/\/www.radiopresidenteibanez.cl\/web\/wp-json\/wp\/v2\/types\/post"}],"author":[{"embeddable":true,"href":"https:\/\/www.radiopresidenteibanez.cl\/web\/wp-json\/wp\/v2\/users\/2"}],"replies":[{"embeddable":true,"href":"https:\/\/www.radiopresidenteibanez.cl\/web\/wp-json\/wp\/v2\/comments?post=21270"}],"version-history":[{"count":0,"href":"https:\/\/www.radiopresidenteibanez.cl\/web\/wp-json\/wp\/v2\/posts\/21270\/revisions"}],"wp:featuredmedia":[{"embeddable":true,"href":"https:\/\/www.radiopresidenteibanez.cl\/web\/wp-json\/wp\/v2\/media\/21271"}],"wp:attachment":[{"href":"https:\/\/www.radiopresidenteibanez.cl\/web\/wp-json\/wp\/v2\/media?parent=21270"}],"wp:term":[{"taxonomy":"category","embeddable":true,"href":"https:\/\/www.radiopresidenteibanez.cl\/web\/wp-json\/wp\/v2\/categories?post=21270"},{"taxonomy":"post_tag","embeddable":true,"href":"https:\/\/www.radiopresidenteibanez.cl\/web\/wp-json\/wp\/v2\/tags?post=21270"}],"curies":[{"name":"wp","href":"https:\/\/api.w.org\/{rel}","templated":true}]}}