{"id":2126,"date":"2019-03-11T16:57:07","date_gmt":"2019-03-11T16:57:07","guid":{"rendered":"http:\/\/www.radiopresidenteibanez.cl\/web\/?p=2126"},"modified":"2019-03-11T16:57:33","modified_gmt":"2019-03-11T16:57:33","slug":"personal-de-la-policia-de-investigaciones-de-punta-arenas-detuvo-a-un-hombre-por-abigeato-y-por-infraccion-a-la-ley-de-armas","status":"publish","type":"post","link":"https:\/\/www.radiopresidenteibanez.cl\/web\/personal-de-la-policia-de-investigaciones-de-punta-arenas-detuvo-a-un-hombre-por-abigeato-y-por-infraccion-a-la-ley-de-armas\/","title":{"rendered":"PERSONAL DE LA POLIC\u00cdA DE INVESTIGACIONES DE PUNTA ARENAS, DETUVO A UN HOMBRE POR ABIGEATO Y POR INFRACCI\u00d3N A LA LEY DE ARMAS"},"content":{"rendered":"\n<figure class=\"wp-block-image\"><img loading=\"lazy\" decoding=\"async\" width=\"1024\" height=\"576\" src=\"https:\/\/www.radiopresidenteibanez.cl\/web\/wp-content\/uploads\/2019\/03\/1-2-1024x576.jpg\" alt=\"\" class=\"wp-image-2127\" srcset=\"https:\/\/www.radiopresidenteibanez.cl\/web\/wp-content\/uploads\/2019\/03\/1-2-1024x576.jpg 1024w, https:\/\/www.radiopresidenteibanez.cl\/web\/wp-content\/uploads\/2019\/03\/1-2-300x169.jpg 300w, https:\/\/www.radiopresidenteibanez.cl\/web\/wp-content\/uploads\/2019\/03\/1-2-768x432.jpg 768w, https:\/\/www.radiopresidenteibanez.cl\/web\/wp-content\/uploads\/2019\/03\/1-2.jpg 1280w\" sizes=\"auto, (max-width: 1024px) 100vw, 1024px\" \/><\/figure>\n\n\n\n<p>El detenido por abigeato y por infracci\u00f3n a la ley de armas,\nes de Uruguay y solo se encontraba en la regi\u00f3n con visa temporal, el hombre de\n36 a\u00f1os fue puesto a disposici\u00f3n de la justicia.<\/p>\n","protected":false},"excerpt":{"rendered":"<p>El detenido por abigeato y por infracci\u00f3n a la ley de armas, es de Uruguay y solo se encontraba en la regi\u00f3n con visa temporal, el hombre de 36 a\u00f1os&#8230; <a class=\"read-more\" href=\"https:\/\/www.radiopresidenteibanez.cl\/web\/personal-de-la-policia-de-investigaciones-de-punta-arenas-detuvo-a-un-hombre-por-abigeato-y-por-infraccion-a-la-ley-de-armas\/\">Leer m\u00e1s<\/a><\/p>\n","protected":false},"author":2,"featured_media":2127,"comment_status":"closed","ping_status":"closed","sticky":false,"template":"","format":"standard","meta":{"footnotes":""},"categories":[6],"tags":[],"class_list":["post-2126","post","type-post","status-publish","format-standard","has-post-thumbnail","hentry","category-policial"],"_links":{"self":[{"href":"https:\/\/www.radiopresidenteibanez.cl\/web\/wp-json\/wp\/v2\/posts\/2126","targetHints":{"allow":["GET"]}}],"collection":[{"href":"https:\/\/www.radiopresidenteibanez.cl\/web\/wp-json\/wp\/v2\/posts"}],"about":[{"href":"https:\/\/www.radiopresidenteibanez.cl\/web\/wp-json\/wp\/v2\/types\/post"}],"author":[{"embeddable":true,"href":"https:\/\/www.radiopresidenteibanez.cl\/web\/wp-json\/wp\/v2\/users\/2"}],"replies":[{"embeddable":true,"href":"https:\/\/www.radiopresidenteibanez.cl\/web\/wp-json\/wp\/v2\/comments?post=2126"}],"version-history":[{"count":0,"href":"https:\/\/www.radiopresidenteibanez.cl\/web\/wp-json\/wp\/v2\/posts\/2126\/revisions"}],"wp:featuredmedia":[{"embeddable":true,"href":"https:\/\/www.radiopresidenteibanez.cl\/web\/wp-json\/wp\/v2\/media\/2127"}],"wp:attachment":[{"href":"https:\/\/www.radiopresidenteibanez.cl\/web\/wp-json\/wp\/v2\/media?parent=2126"}],"wp:term":[{"taxonomy":"category","embeddable":true,"href":"https:\/\/www.radiopresidenteibanez.cl\/web\/wp-json\/wp\/v2\/categories?post=2126"},{"taxonomy":"post_tag","embeddable":true,"href":"https:\/\/www.radiopresidenteibanez.cl\/web\/wp-json\/wp\/v2\/tags?post=2126"}],"curies":[{"name":"wp","href":"https:\/\/api.w.org\/{rel}","templated":true}]}}