{"id":21079,"date":"2021-05-29T14:27:36","date_gmt":"2021-05-29T14:27:36","guid":{"rendered":"https:\/\/www.radiopresidenteibanez.cl\/web\/?p=21079"},"modified":"2021-05-29T14:27:42","modified_gmt":"2021-05-29T14:27:42","slug":"diputado-karim-bianchi-logro-la-apertura-de-gimnasios-a-partir-del-dia-lunes","status":"publish","type":"post","link":"https:\/\/www.radiopresidenteibanez.cl\/web\/diputado-karim-bianchi-logro-la-apertura-de-gimnasios-a-partir-del-dia-lunes\/","title":{"rendered":"DIPUTADO KARIM BIANCHI LOGR\u00d3 LA APERTURA DE GIMNASIOS A PARTIR DEL D\u00cdA LUNES"},"content":{"rendered":"\n<p>Luego de una semana de reuniones a nivel pol\u00edtico y la comisi\u00f3n de deporte, el diputado Karim Bianchi, logro que la subsecretaria Paula Daza, autorizara el uso de gimnasios deportivos a partir del d\u00eda lunes en fase 2, pero en espacios cerrados, por las dif\u00edciles condiciones clim\u00e1ticas de nuestra region<\/p>\n\n\n\n<p>El diputado Bianchi, se mostro satisfecho con el apoyo de autoridades nacionales y critico a autoridades regionales que en las ultimas horas han aprovechado de informar estas noticia sin haber realizado ninguna gesti\u00f3n al respecto<\/p>\n","protected":false},"excerpt":{"rendered":"<p>Luego de una semana de reuniones a nivel pol\u00edtico y la comisi\u00f3n de deporte, el diputado Karim Bianchi, logro que la subsecretaria Paula Daza, autorizara el uso de gimnasios deportivos&#8230; <a class=\"read-more\" href=\"https:\/\/www.radiopresidenteibanez.cl\/web\/diputado-karim-bianchi-logro-la-apertura-de-gimnasios-a-partir-del-dia-lunes\/\">Leer m\u00e1s<\/a><\/p>\n","protected":false},"author":2,"featured_media":21080,"comment_status":"closed","ping_status":"closed","sticky":false,"template":"","format":"standard","meta":{"footnotes":""},"categories":[1],"tags":[],"class_list":["post-21079","post","type-post","status-publish","format-standard","has-post-thumbnail","hentry","category-cronica"],"_links":{"self":[{"href":"https:\/\/www.radiopresidenteibanez.cl\/web\/wp-json\/wp\/v2\/posts\/21079","targetHints":{"allow":["GET"]}}],"collection":[{"href":"https:\/\/www.radiopresidenteibanez.cl\/web\/wp-json\/wp\/v2\/posts"}],"about":[{"href":"https:\/\/www.radiopresidenteibanez.cl\/web\/wp-json\/wp\/v2\/types\/post"}],"author":[{"embeddable":true,"href":"https:\/\/www.radiopresidenteibanez.cl\/web\/wp-json\/wp\/v2\/users\/2"}],"replies":[{"embeddable":true,"href":"https:\/\/www.radiopresidenteibanez.cl\/web\/wp-json\/wp\/v2\/comments?post=21079"}],"version-history":[{"count":0,"href":"https:\/\/www.radiopresidenteibanez.cl\/web\/wp-json\/wp\/v2\/posts\/21079\/revisions"}],"wp:featuredmedia":[{"embeddable":true,"href":"https:\/\/www.radiopresidenteibanez.cl\/web\/wp-json\/wp\/v2\/media\/21080"}],"wp:attachment":[{"href":"https:\/\/www.radiopresidenteibanez.cl\/web\/wp-json\/wp\/v2\/media?parent=21079"}],"wp:term":[{"taxonomy":"category","embeddable":true,"href":"https:\/\/www.radiopresidenteibanez.cl\/web\/wp-json\/wp\/v2\/categories?post=21079"},{"taxonomy":"post_tag","embeddable":true,"href":"https:\/\/www.radiopresidenteibanez.cl\/web\/wp-json\/wp\/v2\/tags?post=21079"}],"curies":[{"name":"wp","href":"https:\/\/api.w.org\/{rel}","templated":true}]}}