{"id":20998,"date":"2021-05-26T23:06:35","date_gmt":"2021-05-26T23:06:35","guid":{"rendered":"https:\/\/www.radiopresidenteibanez.cl\/web\/?p=20998"},"modified":"2021-05-26T23:06:40","modified_gmt":"2021-05-26T23:06:40","slug":"captan-a-persona-botando-basura-en-las-cercanias-del-parque-maria-behety","status":"publish","type":"post","link":"https:\/\/www.radiopresidenteibanez.cl\/web\/captan-a-persona-botando-basura-en-las-cercanias-del-parque-maria-behety\/","title":{"rendered":"CAPTAN A PERSONA BOTANDO BASURA EN LAS CERCAN\u00cdAS DEL PARQUE MAR\u00cdA BEHETY"},"content":{"rendered":"\n<p>El d\u00eda de ayer (25 mayo) se recibi\u00f3 una denuncia a trav\u00e9s de las redes sociales de la Municipalidad de Punta Arenas, mediante la cual se mostraba a una persona en un cami\u00f3n Porter trasladando enseres y basura de todo tipo en las cercan\u00edas del Parque Mar\u00eda Behety, para luego dar paso a la descarga y posterior abandono del lugar, lo cual fue captado por diversos vecinos del sector, quienes informaron la acci\u00f3n, raz\u00f3n por la cual el d\u00eda de hoy se inform\u00f3 que se har\u00e1 la denuncia correspondiente para multar al o los responsables.<\/p>\n\n\n\n<p>\u201cPese al esfuerzo que hemos realizado como Municipalidad junto a los vecinos, siempre nos encontramos con personas que les da lo mismo y ensucian nuestra ciudad. En este caso fue un conductor de un cami\u00f3n Porter, quien sin ning\u00fan tipo de verg\u00fcenza bot\u00f3 un colch\u00f3n, una &nbsp;lavadora y escombros en las inmediaciones del Parque Mar\u00eda Behety\u201d, relat\u00f3 el alcalde Claudio Radonich.<\/p>\n\n\n\n<p>El jefe comunal agreg\u00f3 que \u201cya tenemos la patente de este cami\u00f3n gracias al esfuerzo y colaboraci\u00f3n de los vecinos, por lo que realizaremos una denuncia formal\u201d.<\/p>\n\n\n\n<p>Christian Mu\u00f1oz, director de Medio Ambiente del Municipio, dijo confirm\u00f3 la informaci\u00f3n expresando que \u201cefectivamente, el d\u00eda de ayer recibimos una denuncia a trav\u00e9s de nuestras redes sociales, relacionado al dep\u00f3sito de basura en los alrededores del Parque Mar\u00eda Behety, por lo que se tomar\u00e1n las medidas pertinentes, pero tambi\u00e9n hacemos el llamado a denunciar\u201d.<\/p>\n\n\n\n<p>De igual forma, Mu\u00f1oz record\u00f3 que \u201ctodas las personas tienen la opci\u00f3n de trasladar gratuitamente, 5 metros c\u00fabicos de basura en el vertedero, lo cual se suma a la exitosa campa\u00f1a de Retiro de Cachureos que esperamos retomar en cuanto avancemos de Fase\u201d.<\/p>\n\n\n\n<p>Asimismo, el Alcalde reiter\u00f3 que \u201clas personas que ven estas acciones pueden denunciar de manera an\u00f3nima, as\u00ed que les pedimos un trabajo conjunto para lograr un control social frente al comportamiento de los vecinos que no queremos en Punta Arenas\u201d.<\/p>\n\n\n\n<p>Para denunciar este u otros hechos relacionados, pueden escribir al correo&nbsp;<a href=\"mailto:unidadmedioambiente@e-puntaarenas.cl\" target=\"_blank\" rel=\"noreferrer noopener\">unidadmedioambiente@e-puntaarenas.cl<\/a>&nbsp;o dirigirse a calle Jos\u00e9 Men\u00e9ndez n\u00ba 1129, con todos los antecedentes que posean.<\/p>\n","protected":false},"excerpt":{"rendered":"<p>El d\u00eda de ayer (25 mayo) se recibi\u00f3 una denuncia a trav\u00e9s de las redes sociales de la Municipalidad de Punta Arenas, mediante la cual se mostraba a una persona&#8230; <a class=\"read-more\" href=\"https:\/\/www.radiopresidenteibanez.cl\/web\/captan-a-persona-botando-basura-en-las-cercanias-del-parque-maria-behety\/\">Leer m\u00e1s<\/a><\/p>\n","protected":false},"author":2,"featured_media":21000,"comment_status":"closed","ping_status":"closed","sticky":false,"template":"","format":"standard","meta":{"footnotes":""},"categories":[1],"tags":[],"class_list":["post-20998","post","type-post","status-publish","format-standard","has-post-thumbnail","hentry","category-cronica"],"_links":{"self":[{"href":"https:\/\/www.radiopresidenteibanez.cl\/web\/wp-json\/wp\/v2\/posts\/20998","targetHints":{"allow":["GET"]}}],"collection":[{"href":"https:\/\/www.radiopresidenteibanez.cl\/web\/wp-json\/wp\/v2\/posts"}],"about":[{"href":"https:\/\/www.radiopresidenteibanez.cl\/web\/wp-json\/wp\/v2\/types\/post"}],"author":[{"embeddable":true,"href":"https:\/\/www.radiopresidenteibanez.cl\/web\/wp-json\/wp\/v2\/users\/2"}],"replies":[{"embeddable":true,"href":"https:\/\/www.radiopresidenteibanez.cl\/web\/wp-json\/wp\/v2\/comments?post=20998"}],"version-history":[{"count":0,"href":"https:\/\/www.radiopresidenteibanez.cl\/web\/wp-json\/wp\/v2\/posts\/20998\/revisions"}],"wp:featuredmedia":[{"embeddable":true,"href":"https:\/\/www.radiopresidenteibanez.cl\/web\/wp-json\/wp\/v2\/media\/21000"}],"wp:attachment":[{"href":"https:\/\/www.radiopresidenteibanez.cl\/web\/wp-json\/wp\/v2\/media?parent=20998"}],"wp:term":[{"taxonomy":"category","embeddable":true,"href":"https:\/\/www.radiopresidenteibanez.cl\/web\/wp-json\/wp\/v2\/categories?post=20998"},{"taxonomy":"post_tag","embeddable":true,"href":"https:\/\/www.radiopresidenteibanez.cl\/web\/wp-json\/wp\/v2\/tags?post=20998"}],"curies":[{"name":"wp","href":"https:\/\/api.w.org\/{rel}","templated":true}]}}