{"id":20974,"date":"2021-05-26T11:00:39","date_gmt":"2021-05-26T11:00:39","guid":{"rendered":"https:\/\/www.radiopresidenteibanez.cl\/web\/?p=20974"},"modified":"2021-05-26T11:00:44","modified_gmt":"2021-05-26T11:00:44","slug":"pulso-sindical-diario-de-la-cgt-chile-25-de-mayo-de-2021","status":"publish","type":"post","link":"https:\/\/www.radiopresidenteibanez.cl\/web\/pulso-sindical-diario-de-la-cgt-chile-25-de-mayo-de-2021\/","title":{"rendered":"PULSO SINDICAL DIARIO DE LA CGT CHILE 25 DE MAYO DE 2021"},"content":{"rendered":"\n<p>Llamamos la atenci\u00f3n hace algunos d\u00edas sobre las ofertas de todo tipo (y de todos los lados) que se dejaran caer debido al inicio de diversos procesos electorales que culminaran con la elecci\u00f3n de presidente y parlamentarios a fines de 2021. Nada que no hayamos vivido en estos decenios de \u00abdemocracia\u00bb, solo que mas revuelto que otras veces. Seremos invitados a tomar posiciones y la mayor\u00eda dir\u00e1 que sintoniza bastante con nuestras demandas como trabajadores.\u00bfComo es que entonces las mismas no han fructificado en todos estos a\u00f1os de ejercicio parlamentario?.\u00a0Para nosotros la cosa es clara, no requerimos de padrinazgos parlamentarios sino de organizaci\u00f3n. Dejamos claro &#8211; antes y ahora &#8211;\u00a0 que tenemos aspiraciones irrenunciables, que no las quitaremos de nuestra lista de prioridades solo porque algunas de ellas sean enunciadas en algunos discursos.\u00a0Necesitamos mucho mas que discursos. Requerimos ver nuestras propuestas transformadas en leyes, leyes que establezcan obligaciones irrenunciables a la patronal, como el pago de locomoci\u00f3n y colaci\u00f3n a todos los trabajadores seg\u00fan sus respectivos turnos.\u00a0Al mismo tiempo deben dictarse Reglamentos claros que permitan la r\u00e1pida fiscalizaci\u00f3n y sanci\u00f3n para aquellos que no cumplen la legislaci\u00f3n.<br><strong>2.-\u00a0<\/strong>\u00a0Pero no debemos quedemos solo en lo anterior, compa\u00f1eras y compa\u00f1eros.\u00a0Por siglos los trabajadores han venido demandando respuestas a sus sentidas aspiraciones. Regularmente el resultado a estas demandas han sido leyes desabridas y muy generales, lo que permite que se les pase por alto, casi sin costo para el infractor. Solo a modo de ejemplo mencionemos la permisividad de declarar y no pagar mensualmente las cotizaciones previsionales y el seguro de cesant\u00eda.\u00a0\u00a0Nada de quedarnos por ah\u00ed llorando por que el Estado no responde. Pasemos a la ofensiva y ganemos lo que merecemos.\u00a0El camino para ello ya lo hemos definido. Educar a los trabajadores, construir organizaciones sindicales poderosas y demandar lo que en justicia merecemos a trav\u00e9s de la negociaci\u00f3n colectiva.Este y no otro es el camino que deben tomar los trabajadores, no estar preocupados de quien ser\u00e1 el pr\u00f3ximo presidente o los parlamentarios. <\/p>\n","protected":false},"excerpt":{"rendered":"<p>Llamamos la atenci\u00f3n hace algunos d\u00edas sobre las ofertas de todo tipo (y de todos los lados) que se dejaran caer debido al inicio de diversos procesos electorales que culminaran&#8230; <a class=\"read-more\" href=\"https:\/\/www.radiopresidenteibanez.cl\/web\/pulso-sindical-diario-de-la-cgt-chile-25-de-mayo-de-2021\/\">Leer m\u00e1s<\/a><\/p>\n","protected":false},"author":2,"featured_media":20975,"comment_status":"closed","ping_status":"closed","sticky":false,"template":"","format":"standard","meta":{"footnotes":""},"categories":[1],"tags":[],"class_list":["post-20974","post","type-post","status-publish","format-standard","has-post-thumbnail","hentry","category-cronica"],"_links":{"self":[{"href":"https:\/\/www.radiopresidenteibanez.cl\/web\/wp-json\/wp\/v2\/posts\/20974","targetHints":{"allow":["GET"]}}],"collection":[{"href":"https:\/\/www.radiopresidenteibanez.cl\/web\/wp-json\/wp\/v2\/posts"}],"about":[{"href":"https:\/\/www.radiopresidenteibanez.cl\/web\/wp-json\/wp\/v2\/types\/post"}],"author":[{"embeddable":true,"href":"https:\/\/www.radiopresidenteibanez.cl\/web\/wp-json\/wp\/v2\/users\/2"}],"replies":[{"embeddable":true,"href":"https:\/\/www.radiopresidenteibanez.cl\/web\/wp-json\/wp\/v2\/comments?post=20974"}],"version-history":[{"count":0,"href":"https:\/\/www.radiopresidenteibanez.cl\/web\/wp-json\/wp\/v2\/posts\/20974\/revisions"}],"wp:featuredmedia":[{"embeddable":true,"href":"https:\/\/www.radiopresidenteibanez.cl\/web\/wp-json\/wp\/v2\/media\/20975"}],"wp:attachment":[{"href":"https:\/\/www.radiopresidenteibanez.cl\/web\/wp-json\/wp\/v2\/media?parent=20974"}],"wp:term":[{"taxonomy":"category","embeddable":true,"href":"https:\/\/www.radiopresidenteibanez.cl\/web\/wp-json\/wp\/v2\/categories?post=20974"},{"taxonomy":"post_tag","embeddable":true,"href":"https:\/\/www.radiopresidenteibanez.cl\/web\/wp-json\/wp\/v2\/tags?post=20974"}],"curies":[{"name":"wp","href":"https:\/\/api.w.org\/{rel}","templated":true}]}}