{"id":20924,"date":"2021-05-24T19:08:30","date_gmt":"2021-05-24T19:08:30","guid":{"rendered":"https:\/\/www.radiopresidenteibanez.cl\/web\/?p=20924"},"modified":"2021-05-24T19:08:35","modified_gmt":"2021-05-24T19:08:35","slug":"la-otra-noticia-las-plantas-duermen-si","status":"publish","type":"post","link":"https:\/\/www.radiopresidenteibanez.cl\/web\/la-otra-noticia-las-plantas-duermen-si\/","title":{"rendered":"LA OTRA NOTICIA: LAS PLANTAS DUERMEN? S\u00cd"},"content":{"rendered":"\n<p>\n\n\u00bfLas plantas duermen? Si.Pero, con el acto de dormir no nos referimos a que las plantas sue\u00f1en como nosotros, sino que durante la noche experimentan un descenso en su actividad metab\u00f3lica e incluso cambian de posici\u00f3n. Las observaciones con respecto a los movimientos r\u00edtmicos de los vegetales se remontan hasta la Grecia cl\u00e1sica, si bien fue el bot\u00e1nico Jean-Jacques d\u2019Ortus de Marian quien en 1729, despu\u00e9s de estudiar los movimientos de las plantas de mimosa, concluy\u00f3 que los vegetales deb\u00edan de tener una especie de reloj interno para controlar dichos cambios de posici\u00f3n.Ser\u00eda otro bot\u00e1nico, Carl Linneo, quien hablara por primera vez del sue\u00f1o de las plantas en uno de sus tratados menos conocidos, &#8216;Somnus plantarum&#8217; (1755) en el que clasific\u00f3 de forma sistem\u00e1tica todas las especies que cambiaban de posici\u00f3n a lo largo del d\u00eda. Adem\u00e1s, el cient\u00edfico proyect\u00f3 un jard\u00edn-reloj en el que fuese posible saber la hora por la simple observaci\u00f3n del comportamiento de las plantas contenidas en el mismo.Otra de las similitudes m\u00e1s curiosas con el sue\u00f1o de los animales, es el hecho de que las hojas tiendan a adoptar durante la noche una posici\u00f3n parecida a la que ten\u00edan cuando eran brotes: se enrollan en forma de cucurucho, se pliegan en forma de abanico o se doblan en 2 a lo largo de los nervios centrales.En investigaciones m\u00e1s recientes se han ido despejando algunas de las inc\u00f3gnitas relativas al sue\u00f1o de las plantas. Por ejemplo, un art\u00edculo publicado en PNAS en marzo de 2021 arroja bastante luz sobre los procesos metab\u00f3licos que subyacen a la regulaci\u00f3n del ritmo circadiano de las plantas. En investigaciones previas, un equipo de cient\u00edficos de la Universidad de Melbourne hab\u00eda demostrado que la acumulaci\u00f3n de az\u00facares producidos a partir de la fotos\u00edntesis ofrece a la planta mucha informaci\u00f3n sobre la cantidad de az\u00facar generada por la ma\u00f1ana y env\u00eda se\u00f1ales al reloj circadiano para ajustar su ritmo.Los investigadores han descubierto que uno de estos subproductos, el ani\u00f3n super\u00f3xido, aumenta conforme se elevan los niveles de az\u00facar en la planta y al anochecer act\u00faa para ajustar el ritmo circadiano. Esta se\u00f1al metab\u00f3lica r\u00edtmica es capaz de cambiar la expresi\u00f3n de genes que regulan funciones tan importantes como el crecimiento, el transporte de nutrientes y el metabolismo energ\u00e9tico, y los autores creen que esta se\u00f1al metab\u00f3lica podr\u00eda estar proporcionando informaci\u00f3n a la planta sobre cu\u00e1nta energ\u00eda tiene disponible durante la noche y, a su vez, repercutir en el crecimiento de la planta.\n\n<\/p>\n","protected":false},"excerpt":{"rendered":"<p>\u00bfLas plantas duermen? Si.Pero, con el acto de dormir no nos referimos a que las plantas sue\u00f1en como nosotros, sino que durante la noche experimentan un descenso en su actividad&#8230; <a class=\"read-more\" href=\"https:\/\/www.radiopresidenteibanez.cl\/web\/la-otra-noticia-las-plantas-duermen-si\/\">Leer m\u00e1s<\/a><\/p>\n","protected":false},"author":2,"featured_media":20925,"comment_status":"closed","ping_status":"closed","sticky":false,"template":"","format":"standard","meta":{"footnotes":""},"categories":[1],"tags":[],"class_list":["post-20924","post","type-post","status-publish","format-standard","has-post-thumbnail","hentry","category-cronica"],"_links":{"self":[{"href":"https:\/\/www.radiopresidenteibanez.cl\/web\/wp-json\/wp\/v2\/posts\/20924","targetHints":{"allow":["GET"]}}],"collection":[{"href":"https:\/\/www.radiopresidenteibanez.cl\/web\/wp-json\/wp\/v2\/posts"}],"about":[{"href":"https:\/\/www.radiopresidenteibanez.cl\/web\/wp-json\/wp\/v2\/types\/post"}],"author":[{"embeddable":true,"href":"https:\/\/www.radiopresidenteibanez.cl\/web\/wp-json\/wp\/v2\/users\/2"}],"replies":[{"embeddable":true,"href":"https:\/\/www.radiopresidenteibanez.cl\/web\/wp-json\/wp\/v2\/comments?post=20924"}],"version-history":[{"count":0,"href":"https:\/\/www.radiopresidenteibanez.cl\/web\/wp-json\/wp\/v2\/posts\/20924\/revisions"}],"wp:featuredmedia":[{"embeddable":true,"href":"https:\/\/www.radiopresidenteibanez.cl\/web\/wp-json\/wp\/v2\/media\/20925"}],"wp:attachment":[{"href":"https:\/\/www.radiopresidenteibanez.cl\/web\/wp-json\/wp\/v2\/media?parent=20924"}],"wp:term":[{"taxonomy":"category","embeddable":true,"href":"https:\/\/www.radiopresidenteibanez.cl\/web\/wp-json\/wp\/v2\/categories?post=20924"},{"taxonomy":"post_tag","embeddable":true,"href":"https:\/\/www.radiopresidenteibanez.cl\/web\/wp-json\/wp\/v2\/tags?post=20924"}],"curies":[{"name":"wp","href":"https:\/\/api.w.org\/{rel}","templated":true}]}}