{"id":20903,"date":"2021-05-24T11:04:02","date_gmt":"2021-05-24T11:04:02","guid":{"rendered":"https:\/\/www.radiopresidenteibanez.cl\/web\/?p=20903"},"modified":"2021-05-24T11:04:08","modified_gmt":"2021-05-24T11:04:08","slug":"por-ernesto-sepulveda-el-pueblo-habla-en-el-voto","status":"publish","type":"post","link":"https:\/\/www.radiopresidenteibanez.cl\/web\/por-ernesto-sepulveda-el-pueblo-habla-en-el-voto\/","title":{"rendered":"Por Ernesto Sepulveda         EL PUEBLO HABLA EN EL VOTO"},"content":{"rendered":"\n<p>Al parecer los eventos electorales de la \u00faltima semana, han\nalterado los \u00e1nimos en todo el mundo pol\u00edtico chileno. Izquierdas y derechas,\nsacan cuentas alegres, o no tanto, del n\u00famero de candidatos electos, a los 4\ndistintos procesos que se dieron el 15 y 16 de mayo.&nbsp; Quiz\u00e1s lo m\u00e1s dram\u00e1tico se dio en la centro\nizquierda, con su fallida inscripci\u00f3n de primarias.&nbsp; Mas all\u00e1 de las razones de ese fracaso, cuya\nresponsabilidad recae en quienes optaron por no enfrentar en primarias\npresidenciales, a la ex concertaci\u00f3n. Lo cierto es, que la reacci\u00f3n apresurada\ny poco reflexiva. del liderazgo pol\u00edtico de la izquierda moderada, los llev\u00f3 a\nauto inflingirse un da\u00f1o innecesario e injustificado. <\/p>\n\n\n\n<p>&nbsp;&nbsp;&nbsp;&nbsp;&nbsp;&nbsp;&nbsp;&nbsp;&nbsp;&nbsp;&nbsp;&nbsp;&nbsp;&nbsp; En\nChile, la medici\u00f3n de las fuerzas pol\u00edticas, se hace en base a los resultados\nde la votaci\u00f3n de concejales. Y los datos en t\u00e9rminos de votaci\u00f3n absoluta de\nla semana pasada. Otorgaron una cifra en torno a los dos millones 200 mil votos\na la centro izquierda, y dos millones 100 mil votos a la derecha, quedando el\nPartido comunista y su aliado el FA con una cifra en torno a un mill\u00f3n 300 mil\nvotos. Estas cifras muestran una s\u00f3lida votaci\u00f3n de los partidos de centro\nizquierda. Y una votaci\u00f3n no despreciable de los partidos de la derecha. El\ndesprestigio y rechazo al mal gobierno de Pi\u00f1era, parece no influir tanto en el\nresultado de concejales, donde si bien la derecha reduce su votaci\u00f3n, a\u00fan\nconserva un apoyo considerable. Mas all\u00e1 de las luces, y gran despliegue\nmedi\u00e1tico de las figuras electas comunistas, en lo concreto, la centro\nizquierda sigue siendo el sector opositor mayoritario en Chile. <\/p>\n\n\n\n<p>&nbsp;&nbsp;&nbsp;&nbsp;&nbsp;&nbsp;&nbsp;&nbsp;&nbsp;&nbsp;&nbsp; Quien\ngobernar\u00e1 a Chile a contar del 2022, es muy probable que lo determine, la\nprimaria convencional de la centro izquierda, de donde saldr\u00e1 la figura\npol\u00edtica que puede darle gobernabilidad a Chile. Dando respuesta a su vez, a\nlas m\u00faltiples necesidades que el actual gobierno dejar\u00e1 pendientes.&nbsp; <\/p>\n\n\n\n<p>&nbsp;&nbsp;&nbsp;&nbsp;&nbsp;&nbsp;&nbsp;&nbsp;&nbsp;&nbsp; El pa\u00eds no\nest\u00e1 en condiciones de soportar m\u00e1s discursos de odio, y de exclusi\u00f3n. EL pa\u00eds\nno quiere m\u00e1s abusos, pero tampoco m\u00e1s voladores de luces. Chile quiere paz y\njusticia social, en libertad. Que nadie tenga derecho a vetar o a excluir, y\nmucho menos a imponer sus ideas o sus proyectos pol\u00edticos por la fuerza o la\nintimidaci\u00f3n. &nbsp;<\/p>\n\n\n\n<p>&nbsp;&nbsp;&nbsp;&nbsp;&nbsp;&nbsp;&nbsp;&nbsp;&nbsp;&nbsp; Necesitamos\nautoridades pol\u00edticas que propicien el dialogo y el encuentro entre los\nchilenos, no que siembren divisiones y generen peleas, incluso entre sus m\u00e1s\ncercanos.&nbsp;&nbsp; Dar gobernabilidad es eso,\ngarantizar que cada chileno y chilena, podr\u00e1 desarrollarse, en un ambiente\nlibre. Donde ning\u00fan organismo del estado, autoridad o partido pol\u00edtico,\ncoaccione, limite o amenace el libre desarrollo de las personas. <\/p>\n\n\n\n<p>&nbsp;&nbsp;&nbsp;&nbsp;&nbsp;&nbsp;&nbsp;&nbsp;&nbsp;&nbsp;&nbsp; Dar\ngobernabilidad al pa\u00eds, es garantizar que podremos desplazarnos por nuestras\ncalles y avenidas, sin temor a la violencia.&nbsp;\nEsa violencia que ha destruido el mobiliario urbano, peque\u00f1os comercios,\ny vandalizado plazas y jardines. Ese es el deber de nuestro liderazgo pol\u00edtico\nen democracia. Tender puentes, construir caminos de entendimiento, y forjar\nalianzas donde todos y todas nos sintamos representados.<\/p>\n\n\n\n<p>&nbsp;&nbsp;&nbsp;&nbsp;&nbsp;&nbsp;&nbsp;&nbsp;&nbsp;&nbsp;&nbsp; La semana\nque pas\u00f3 tuvo momentos de mucha tensi\u00f3n, sobre todo en los episodios de\nmaltrato a figuras como la senadora Ximena Rinc\u00f3n, y al presidente del PPD\nHeraldo Mu\u00f1oz. Ese no es el Chile que queremos, las diferencias pol\u00edticas,\nsociales o religiosas, pueden y deben expresarse, pero de otro modo. Para eso\nes el voto. Y en esto, la semana tambi\u00e9n trajo buenas noticias, no son los que\ngritan m\u00e1s alto, o los m\u00e1s puros de la revoluci\u00f3n mundial, quienes fueron favorecidos\npor los chilenos y chilenas. La centro izquierda es el sector pol\u00edtico m\u00e1s\nvotado, y dentro de la centro izquierda, el partido con mayor votaci\u00f3n en\nconcejales en Chile, es la Democracia Cristiana. Este dato, constituye un\nmotivo de verg\u00fcenza para todos aquellos que han repartido ep\u00edtetos\ndescalificatorios. El pacto electoral de la centro izquierda, la Unidad\nconstituyente, eligi\u00f3 128 alcaldes versus 21 &nbsp;electos por el pacto PC\/FA, en concejales\nobtuvo 837 versus 338 del pacto PC\/FA. En gobernadores regionales 2 electos,\nuna en Ays\u00e9n y otro en nuestra regi\u00f3n de Magallanes, y 11 que compiten en\nsegunda vuelta. Mientras el PC\/FA eligi\u00f3 solamente 1 y lleva dos a segunda\nvuelta.<\/p>\n\n\n\n<p>&nbsp;&nbsp;&nbsp;&nbsp;&nbsp;&nbsp;&nbsp;&nbsp;&nbsp;&nbsp;&nbsp;&nbsp; El partido\nsocialista de Chile, es el partido de la centro izquierda que obtuvo un mejor\nresultado en alcaldes, concejales y constituyentes. Es el partido que apoya a\nPaula Narv\u00e1ez a la presidencia de la Rep\u00fablica, candidatura apoyada tambi\u00e9n por\nel PPD, el partido Liberal, y el pacto Nuevo Trato. Mas all\u00e1 del intento\nfallido de captura, de las descalificaciones y los vetos, esta candidatura\nrepresenta lo que el pa\u00eds necesita.&nbsp; Y a\naquellos sectores que pretendieron socavar la unidad de la centro izquierda. Se\nlos dijo muy claro, el presidente del PS, \u00c1lvaro Elizalde, \u201cAl partido del\npresidente Allende, no se le humilla\u201d.<\/p>\n\n\n\n<p><\/p>\n\n\n\n<p><\/p>\n","protected":false},"excerpt":{"rendered":"<p>Al parecer los eventos electorales de la \u00faltima semana, han alterado los \u00e1nimos en todo el mundo pol\u00edtico chileno. Izquierdas y derechas, sacan cuentas alegres, o no tanto, del n\u00famero&#8230; <a class=\"read-more\" href=\"https:\/\/www.radiopresidenteibanez.cl\/web\/por-ernesto-sepulveda-el-pueblo-habla-en-el-voto\/\">Leer m\u00e1s<\/a><\/p>\n","protected":false},"author":2,"featured_media":20904,"comment_status":"closed","ping_status":"closed","sticky":false,"template":"","format":"standard","meta":{"footnotes":""},"categories":[1],"tags":[],"class_list":["post-20903","post","type-post","status-publish","format-standard","has-post-thumbnail","hentry","category-cronica"],"_links":{"self":[{"href":"https:\/\/www.radiopresidenteibanez.cl\/web\/wp-json\/wp\/v2\/posts\/20903","targetHints":{"allow":["GET"]}}],"collection":[{"href":"https:\/\/www.radiopresidenteibanez.cl\/web\/wp-json\/wp\/v2\/posts"}],"about":[{"href":"https:\/\/www.radiopresidenteibanez.cl\/web\/wp-json\/wp\/v2\/types\/post"}],"author":[{"embeddable":true,"href":"https:\/\/www.radiopresidenteibanez.cl\/web\/wp-json\/wp\/v2\/users\/2"}],"replies":[{"embeddable":true,"href":"https:\/\/www.radiopresidenteibanez.cl\/web\/wp-json\/wp\/v2\/comments?post=20903"}],"version-history":[{"count":0,"href":"https:\/\/www.radiopresidenteibanez.cl\/web\/wp-json\/wp\/v2\/posts\/20903\/revisions"}],"wp:featuredmedia":[{"embeddable":true,"href":"https:\/\/www.radiopresidenteibanez.cl\/web\/wp-json\/wp\/v2\/media\/20904"}],"wp:attachment":[{"href":"https:\/\/www.radiopresidenteibanez.cl\/web\/wp-json\/wp\/v2\/media?parent=20903"}],"wp:term":[{"taxonomy":"category","embeddable":true,"href":"https:\/\/www.radiopresidenteibanez.cl\/web\/wp-json\/wp\/v2\/categories?post=20903"},{"taxonomy":"post_tag","embeddable":true,"href":"https:\/\/www.radiopresidenteibanez.cl\/web\/wp-json\/wp\/v2\/tags?post=20903"}],"curies":[{"name":"wp","href":"https:\/\/api.w.org\/{rel}","templated":true}]}}