{"id":20887,"date":"2021-05-23T16:20:44","date_gmt":"2021-05-23T16:20:44","guid":{"rendered":"https:\/\/www.radiopresidenteibanez.cl\/web\/?p=20887"},"modified":"2021-05-23T16:27:29","modified_gmt":"2021-05-23T16:27:29","slug":"jose-pacora-velazques-obtuvo-titulo-continental-en-categoria-super-gallo","status":"publish","type":"post","link":"https:\/\/www.radiopresidenteibanez.cl\/web\/jose-pacora-velazques-obtuvo-titulo-continental-en-categoria-super-gallo\/","title":{"rendered":"Jose \u00abpancora\u00bb velasquez, obtuvo titulo continental en categoria super gallo"},"content":{"rendered":"\n<p> Jos\u00e9 \u00abPancora\u00bb Velasquez obtuvo un sensacional triunfo, en fallo un\u00e1nime, al derrotar al invicto Ariel L\u00f3pez, qued\u00e1ndose con el t\u00edtulo continental de super gallos. El oriundo de Chilo\u00e9, ahora posee un r\u00e9cord de 29 &#8211; 6-1. El combate se realiz\u00f3 en USA, Carolina del Sur, en el Gymnastic Center de Rock Hill. (texto Patricio Aguila)<\/p>\n","protected":false},"excerpt":{"rendered":"<p>Jos\u00e9 \u00abPancora\u00bb Velasquez obtuvo un sensacional triunfo, en fallo un\u00e1nime, al derrotar al invicto Ariel L\u00f3pez, qued\u00e1ndose con el t\u00edtulo continental de super gallos. El oriundo de Chilo\u00e9, ahora posee&#8230; <a class=\"read-more\" href=\"https:\/\/www.radiopresidenteibanez.cl\/web\/jose-pacora-velazques-obtuvo-titulo-continental-en-categoria-super-gallo\/\">Leer m\u00e1s<\/a><\/p>\n","protected":false},"author":2,"featured_media":20888,"comment_status":"closed","ping_status":"closed","sticky":false,"template":"","format":"standard","meta":{"footnotes":""},"categories":[1,3],"tags":[],"class_list":["post-20887","post","type-post","status-publish","format-standard","has-post-thumbnail","hentry","category-cronica","category-deportes"],"_links":{"self":[{"href":"https:\/\/www.radiopresidenteibanez.cl\/web\/wp-json\/wp\/v2\/posts\/20887","targetHints":{"allow":["GET"]}}],"collection":[{"href":"https:\/\/www.radiopresidenteibanez.cl\/web\/wp-json\/wp\/v2\/posts"}],"about":[{"href":"https:\/\/www.radiopresidenteibanez.cl\/web\/wp-json\/wp\/v2\/types\/post"}],"author":[{"embeddable":true,"href":"https:\/\/www.radiopresidenteibanez.cl\/web\/wp-json\/wp\/v2\/users\/2"}],"replies":[{"embeddable":true,"href":"https:\/\/www.radiopresidenteibanez.cl\/web\/wp-json\/wp\/v2\/comments?post=20887"}],"version-history":[{"count":0,"href":"https:\/\/www.radiopresidenteibanez.cl\/web\/wp-json\/wp\/v2\/posts\/20887\/revisions"}],"wp:featuredmedia":[{"embeddable":true,"href":"https:\/\/www.radiopresidenteibanez.cl\/web\/wp-json\/wp\/v2\/media\/20888"}],"wp:attachment":[{"href":"https:\/\/www.radiopresidenteibanez.cl\/web\/wp-json\/wp\/v2\/media?parent=20887"}],"wp:term":[{"taxonomy":"category","embeddable":true,"href":"https:\/\/www.radiopresidenteibanez.cl\/web\/wp-json\/wp\/v2\/categories?post=20887"},{"taxonomy":"post_tag","embeddable":true,"href":"https:\/\/www.radiopresidenteibanez.cl\/web\/wp-json\/wp\/v2\/tags?post=20887"}],"curies":[{"name":"wp","href":"https:\/\/api.w.org\/{rel}","templated":true}]}}