{"id":20875,"date":"2021-05-22T19:15:32","date_gmt":"2021-05-22T19:15:32","guid":{"rendered":"https:\/\/www.radiopresidenteibanez.cl\/web\/?p=20875"},"modified":"2021-05-22T19:15:38","modified_gmt":"2021-05-22T19:15:38","slug":"red-futuro-tecnico-magallanes-trabaja-para-abrir-espacios-laborales-a-estudiantes-tp-apostando-a-la-alternancia","status":"publish","type":"post","link":"https:\/\/www.radiopresidenteibanez.cl\/web\/red-futuro-tecnico-magallanes-trabaja-para-abrir-espacios-laborales-a-estudiantes-tp-apostando-a-la-alternancia\/","title":{"rendered":"Red Futuro T\u00e9cnico Magallanes trabaja para abrir espacios laborales a estudiantes TP apostando a la alternancia"},"content":{"rendered":"\n<p>As\u00ed lo discutieron los directivos de los establecimientos de Educaci\u00f3n Media T\u00e9cnico Profesional (EMTP) de la Regi\u00f3n que participaron en la segunda sesi\u00f3n de la Red Futuro T\u00e9cnico Magallanes, impulsada por el Mineduc y ejecutada por la ONG Canales y Seremi de Educaci\u00f3n.<\/p>\n\n\n\n<p>Esta instancia de trabajo conjunto busca potenciar la articulaci\u00f3n de los nueve liceos TP de la regi\u00f3n e impulsar acuerdos e iniciativas concretas en beneficio de las y los estudiantes que cursan esta modalidad de ense\u00f1anza. En esta ocasi\u00f3n, los asistentes recibieron el saludo del seremi de Educaci\u00f3n, Rodrigo Sep\u00falveda; una exposici\u00f3n explicativa sobre alternancia educativa de la Corporaci\u00f3n Municipal de Punta Arenas y revisaron el \u00e9xito del trabajo de vinculaci\u00f3n entre el Liceo Polivalente Sara Braun de Punta Arenas con la Agencia de Turismo \u201cAventura Patagonia MTB Trails\u201d lo que permiti\u00f3 a estudiantes de cuarto medio cumplir con sus pr\u00e1cticas laborales para acceder a su titulaci\u00f3n.<\/p>\n\n\n\n<p>Como lo explic\u00f3 el&nbsp;<strong>seremi de Educaci\u00f3n de Magallanes, Rodrigo Sep\u00falveda Tagle,<\/strong>&nbsp;\u201cestamos centrados en lograr que todos los liceos TP de nuestra regi\u00f3n puedan comenzar a implementar esta modalidad dual para que puedan vincularse al mundo empresarial y mejorar las oportunidades laborales para los estudiantes. Es esencial que ellos y ellas puedan descubrir sus talentos y fortalezcan su vocaci\u00f3n, aprendiendo en la sala de clases y en un entorno laboral, en una combinaci\u00f3n integral que facilite as\u00ed la transici\u00f3n e incorporaci\u00f3n de estos j\u00f3venes al mundo del trabajo. En este trabajo la Red Futuro T\u00e9cnico Magallanes es pilar fundamental\u201d.<\/p>\n\n\n\n<p>La&nbsp;<strong>jefa de proyecto de la Red Futuro T\u00e9cnico Magallanes, Daniela Torres<\/strong>, destac\u00f3 la convocatoria y compromiso de los Liceos EMTP en el marco de esta pol\u00edtica p\u00fablica. \u201cEste a\u00f1o hemos estado trabajando por nodos productivos, levantando iniciativas como las Semanas Formativas, donde buscamos recuperar aprendizajes y apoyar a los docentes en este trabajo que el a\u00f1o pasado fue tan complejo. Es una tremenda oportunidad para conectarse con actores relevantes de los sectores productivos y la educaci\u00f3n superior. Invito a sumarse al trabajo de los nodos para que la red siga impactando positivamente a las y los estudiantes\u201d, manifest\u00f3.<\/p>\n","protected":false},"excerpt":{"rendered":"<p>As\u00ed lo discutieron los directivos de los establecimientos de Educaci\u00f3n Media T\u00e9cnico Profesional (EMTP) de la Regi\u00f3n que participaron en la segunda sesi\u00f3n de la Red Futuro T\u00e9cnico Magallanes, impulsada&#8230; <a class=\"read-more\" href=\"https:\/\/www.radiopresidenteibanez.cl\/web\/red-futuro-tecnico-magallanes-trabaja-para-abrir-espacios-laborales-a-estudiantes-tp-apostando-a-la-alternancia\/\">Leer m\u00e1s<\/a><\/p>\n","protected":false},"author":2,"featured_media":20876,"comment_status":"closed","ping_status":"closed","sticky":false,"template":"","format":"standard","meta":{"footnotes":""},"categories":[1],"tags":[],"class_list":["post-20875","post","type-post","status-publish","format-standard","has-post-thumbnail","hentry","category-cronica"],"_links":{"self":[{"href":"https:\/\/www.radiopresidenteibanez.cl\/web\/wp-json\/wp\/v2\/posts\/20875","targetHints":{"allow":["GET"]}}],"collection":[{"href":"https:\/\/www.radiopresidenteibanez.cl\/web\/wp-json\/wp\/v2\/posts"}],"about":[{"href":"https:\/\/www.radiopresidenteibanez.cl\/web\/wp-json\/wp\/v2\/types\/post"}],"author":[{"embeddable":true,"href":"https:\/\/www.radiopresidenteibanez.cl\/web\/wp-json\/wp\/v2\/users\/2"}],"replies":[{"embeddable":true,"href":"https:\/\/www.radiopresidenteibanez.cl\/web\/wp-json\/wp\/v2\/comments?post=20875"}],"version-history":[{"count":0,"href":"https:\/\/www.radiopresidenteibanez.cl\/web\/wp-json\/wp\/v2\/posts\/20875\/revisions"}],"wp:featuredmedia":[{"embeddable":true,"href":"https:\/\/www.radiopresidenteibanez.cl\/web\/wp-json\/wp\/v2\/media\/20876"}],"wp:attachment":[{"href":"https:\/\/www.radiopresidenteibanez.cl\/web\/wp-json\/wp\/v2\/media?parent=20875"}],"wp:term":[{"taxonomy":"category","embeddable":true,"href":"https:\/\/www.radiopresidenteibanez.cl\/web\/wp-json\/wp\/v2\/categories?post=20875"},{"taxonomy":"post_tag","embeddable":true,"href":"https:\/\/www.radiopresidenteibanez.cl\/web\/wp-json\/wp\/v2\/tags?post=20875"}],"curies":[{"name":"wp","href":"https:\/\/api.w.org\/{rel}","templated":true}]}}