{"id":20852,"date":"2021-05-21T16:28:17","date_gmt":"2021-05-21T16:28:17","guid":{"rendered":"https:\/\/www.radiopresidenteibanez.cl\/web\/?p=20852"},"modified":"2021-05-21T16:28:22","modified_gmt":"2021-05-21T16:28:22","slug":"sujeto-fue-condenado-en-juicio-por-abusar-sexualmente-de-hermanas-de-5-y-9-anos","status":"publish","type":"post","link":"https:\/\/www.radiopresidenteibanez.cl\/web\/sujeto-fue-condenado-en-juicio-por-abusar-sexualmente-de-hermanas-de-5-y-9-anos\/","title":{"rendered":"SUJETO FUE CONDENADO EN JUICIO POR ABUSAR SEXUALMENTE DE HERMANAS DE 5 Y 9 A\u00d1OS"},"content":{"rendered":"\n<p>J.E.P.A, fue condenado como autor de abusos sexuals reiterados, en grado de consumados en contra de dos menores de edad, la lectura del fallo se realizara este martes 25 de mayo a las 13:00 horas <\/p>\n\n\n\n<p>Cabe indicar que los hechos fueron perpetrados en fechas indeterminadas entre el a\u00f1o 2008 y 2013, con una frecuencia de dos veces por semana aproximadamente, por el acusado quien tenia la calidad de conviviente de la madre de las menores<\/p>\n\n\n\n<p>De acuerdo a los hechos relatados por la fiscal Wendoline Acu\u00f1a, las ni\u00f1as ten\u00edan en esa \u00e9poca entre 5 y 9 a\u00f1os de edad, aprovechando el sujeto los momentos en que la madre sal\u00eda a trabajar para quedarse a solas con ellas o a veces el mismo propiciar esos momentos , sacando a los hermanos de las ni\u00f1as de la vivienda pidi\u00e9ndoles que se fueran a jugar y asi realizarle acciones de significaci\u00f3n sexual.<\/p>\n\n\n\n<p>Sobre esa base, la persecutora solicito que se condene al acusado a la pena de diez a\u00f1os de presidio y accesorias<\/p>\n","protected":false},"excerpt":{"rendered":"<p>J.E.P.A, fue condenado como autor de abusos sexuals reiterados, en grado de consumados en contra de dos menores de edad, la lectura del fallo se realizara este martes 25 de&#8230; <a class=\"read-more\" href=\"https:\/\/www.radiopresidenteibanez.cl\/web\/sujeto-fue-condenado-en-juicio-por-abusar-sexualmente-de-hermanas-de-5-y-9-anos\/\">Leer m\u00e1s<\/a><\/p>\n","protected":false},"author":2,"featured_media":20853,"comment_status":"closed","ping_status":"closed","sticky":false,"template":"","format":"standard","meta":{"footnotes":""},"categories":[1],"tags":[],"class_list":["post-20852","post","type-post","status-publish","format-standard","has-post-thumbnail","hentry","category-cronica"],"_links":{"self":[{"href":"https:\/\/www.radiopresidenteibanez.cl\/web\/wp-json\/wp\/v2\/posts\/20852","targetHints":{"allow":["GET"]}}],"collection":[{"href":"https:\/\/www.radiopresidenteibanez.cl\/web\/wp-json\/wp\/v2\/posts"}],"about":[{"href":"https:\/\/www.radiopresidenteibanez.cl\/web\/wp-json\/wp\/v2\/types\/post"}],"author":[{"embeddable":true,"href":"https:\/\/www.radiopresidenteibanez.cl\/web\/wp-json\/wp\/v2\/users\/2"}],"replies":[{"embeddable":true,"href":"https:\/\/www.radiopresidenteibanez.cl\/web\/wp-json\/wp\/v2\/comments?post=20852"}],"version-history":[{"count":0,"href":"https:\/\/www.radiopresidenteibanez.cl\/web\/wp-json\/wp\/v2\/posts\/20852\/revisions"}],"wp:featuredmedia":[{"embeddable":true,"href":"https:\/\/www.radiopresidenteibanez.cl\/web\/wp-json\/wp\/v2\/media\/20853"}],"wp:attachment":[{"href":"https:\/\/www.radiopresidenteibanez.cl\/web\/wp-json\/wp\/v2\/media?parent=20852"}],"wp:term":[{"taxonomy":"category","embeddable":true,"href":"https:\/\/www.radiopresidenteibanez.cl\/web\/wp-json\/wp\/v2\/categories?post=20852"},{"taxonomy":"post_tag","embeddable":true,"href":"https:\/\/www.radiopresidenteibanez.cl\/web\/wp-json\/wp\/v2\/tags?post=20852"}],"curies":[{"name":"wp","href":"https:\/\/api.w.org\/{rel}","templated":true}]}}