{"id":20848,"date":"2021-05-21T14:38:21","date_gmt":"2021-05-21T14:38:21","guid":{"rendered":"https:\/\/www.radiopresidenteibanez.cl\/web\/?p=20848"},"modified":"2021-05-21T14:38:26","modified_gmt":"2021-05-21T14:38:26","slug":"estudiantes-de-liceos-tecnicos-profesionales-han-perdido-mas-de-la-mitad-de-sus-horas-practicas","status":"publish","type":"post","link":"https:\/\/www.radiopresidenteibanez.cl\/web\/estudiantes-de-liceos-tecnicos-profesionales-han-perdido-mas-de-la-mitad-de-sus-horas-practicas\/","title":{"rendered":"Estudiantes de liceos t\u00e9cnicos profesionales han perdido m\u00e1s de la mitad de sus horas pr\u00e1cticas"},"content":{"rendered":"\n<p>Pese a que poco a poco los establecimientos educacionales del pa\u00eds est\u00e1n reabriendo sus puertas para que sus estudiantes contin\u00faen con las actividades presenciales, en la regi\u00f3n de Magallanes y Ant\u00e1rtica Chilena la situaci\u00f3n es diferente, debido a la cuarentena total que afecta a las capitales provinciales, ante lo cual el Seremi Rodrigo Sep\u00falveda Tagle mostr\u00f3 su preocupaci\u00f3n por los estudiantes de Liceos T\u00e9cnico-Profesionales (TP) de la regi\u00f3n, uno de los sectores m\u00e1s afectados por la suspensi\u00f3n de clases presenciales a causa del Covid-19.&nbsp;<\/p>\n\n\n\n<p>De acuerdo a Mineduc, m\u00e1s de 150 mil estudiantes de esta modalidad educativa se han visto afectados por la p\u00e9rdida de horas pr\u00e1cticas, particularmente aquellos de los 409 liceos TP del pa\u00eds que no han reanudado clases presenciales desde marzo de 2020. A este \u00faltimo grupo pertenecen 503 alumnos de 4\u00b0 medio de la regi\u00f3n, quienes han perdido un 61% de sus horas pr\u00e1cticas (545), lo que supone un tercio de la formaci\u00f3n necesaria para su especialidad.<\/p>\n\n\n\n<p>El\u00a0<strong>seremi Rodrigo Sep\u00falveda<\/strong>\u00a0<strong>Tagle<\/strong>\u00a0calific\u00f3 esta situaci\u00f3n como \u201cpreocupante\u201d por lo que hizo un llamado a que los establecimientos reabran sus puertas. \u00abEs importante que en la medida que las condiciones sanitarias lo permitan, los sostenedores, especialmente los municipios, hagan los esfuerzos necesarios para que los estudiantes vuelvan a la presencialidad, son ellos los principales sostenedores de la educaci\u00f3n p\u00fablica y es fundamental que aseguren el derecho de los alumnos a la educaci\u00f3n. La pandemia nos ha llevado a una situaci\u00f3n cr\u00edtica en cuanto a la p\u00e9rdida de los aprendizajes, por lo que tenemos que hacer todos los esfuerzos para recuperarlos cuanto antes\u201d.<\/p>\n\n\n\n<p><strong>Cristina Susy, directora del Liceo Bicentenario Luis Cruz Martinez de Natales,<\/strong>\u00a0establecimiento t\u00e9cnico profesional que entrega especialidades como Servicios Hoteleros, Turismo, Enfermer\u00eda y Mec\u00e1nica Automotriz. \u201cActualmente Natales se encuentra en cuarentena total y antes de que retrocedi\u00e9ramos a cuarentena estuvimos a punto de regresar a clases presenciales, pero no alcanzamos a concretar el proceso. Como liceo y en medio de todo esto, hemos tenido que adaptarnos a esta pandemia. Durante el a\u00f1o pasado priorizamos la concreci\u00f3n de las pr\u00e1cticas profesionales para nuestros estudiantes que se llevaron a cabo en el verano. <\/p>\n\n\n\n<p> Por su parte,\u00a0<strong>Guillermo D\u00edaz, director del Instituto Superior de Comercio Jos\u00e9 Men\u00e9ndez de Punta Arenas<\/strong>\u00a0afirma que la falta de horas pr\u00e1cticas de trabajo de sus estudiantes ha significado un enorme perjuicio.\u00a0 \u201cPara nosotros, la p\u00e9rdida de horas de pr\u00e1ctica ha sido un problema para nuestros estudiantes. Si bien la pandemia nos ha obligado a cambiar nuestros planes y adecuar las pr\u00e1cticas profesionales, esto ha significado un perjuicio para nuestros egresados y los que a\u00fan cursan el 4to medio\u201d, asegur\u00f3. <\/p>\n","protected":false},"excerpt":{"rendered":"<p>Pese a que poco a poco los establecimientos educacionales del pa\u00eds est\u00e1n reabriendo sus puertas para que sus estudiantes contin\u00faen con las actividades presenciales, en la regi\u00f3n de Magallanes y&#8230; <a class=\"read-more\" href=\"https:\/\/www.radiopresidenteibanez.cl\/web\/estudiantes-de-liceos-tecnicos-profesionales-han-perdido-mas-de-la-mitad-de-sus-horas-practicas\/\">Leer m\u00e1s<\/a><\/p>\n","protected":false},"author":2,"featured_media":20849,"comment_status":"closed","ping_status":"closed","sticky":false,"template":"","format":"standard","meta":{"footnotes":""},"categories":[1],"tags":[],"class_list":["post-20848","post","type-post","status-publish","format-standard","has-post-thumbnail","hentry","category-cronica"],"_links":{"self":[{"href":"https:\/\/www.radiopresidenteibanez.cl\/web\/wp-json\/wp\/v2\/posts\/20848","targetHints":{"allow":["GET"]}}],"collection":[{"href":"https:\/\/www.radiopresidenteibanez.cl\/web\/wp-json\/wp\/v2\/posts"}],"about":[{"href":"https:\/\/www.radiopresidenteibanez.cl\/web\/wp-json\/wp\/v2\/types\/post"}],"author":[{"embeddable":true,"href":"https:\/\/www.radiopresidenteibanez.cl\/web\/wp-json\/wp\/v2\/users\/2"}],"replies":[{"embeddable":true,"href":"https:\/\/www.radiopresidenteibanez.cl\/web\/wp-json\/wp\/v2\/comments?post=20848"}],"version-history":[{"count":0,"href":"https:\/\/www.radiopresidenteibanez.cl\/web\/wp-json\/wp\/v2\/posts\/20848\/revisions"}],"wp:featuredmedia":[{"embeddable":true,"href":"https:\/\/www.radiopresidenteibanez.cl\/web\/wp-json\/wp\/v2\/media\/20849"}],"wp:attachment":[{"href":"https:\/\/www.radiopresidenteibanez.cl\/web\/wp-json\/wp\/v2\/media?parent=20848"}],"wp:term":[{"taxonomy":"category","embeddable":true,"href":"https:\/\/www.radiopresidenteibanez.cl\/web\/wp-json\/wp\/v2\/categories?post=20848"},{"taxonomy":"post_tag","embeddable":true,"href":"https:\/\/www.radiopresidenteibanez.cl\/web\/wp-json\/wp\/v2\/tags?post=20848"}],"curies":[{"name":"wp","href":"https:\/\/api.w.org\/{rel}","templated":true}]}}