{"id":20840,"date":"2021-05-21T00:25:42","date_gmt":"2021-05-21T00:25:42","guid":{"rendered":"https:\/\/www.radiopresidenteibanez.cl\/web\/?p=20840"},"modified":"2021-05-21T00:25:48","modified_gmt":"2021-05-21T00:25:48","slug":"coordinadora-social-magallanes-nuestra-mision-es-llevar-la-voluntad-ciudadana-a-la-discusion-constituyente","status":"publish","type":"post","link":"https:\/\/www.radiopresidenteibanez.cl\/web\/coordinadora-social-magallanes-nuestra-mision-es-llevar-la-voluntad-ciudadana-a-la-discusion-constituyente\/","title":{"rendered":"Coordinadora Social Magallanes: \u201cNuestra misi\u00f3n es llevar la voluntad ciudadana a la discusi\u00f3n constituyente\u201d"},"content":{"rendered":"\n<p>Fue un largo camino, pero al fin pudimos elegir, votar, y ver reflejado en los resultados el arduo trabajo realizado durante meses. Este fin de semana comprobamos que las ideas y las convicciones se impone ante las cifras que invirtieron otros candidatos en sus campa\u00f1as a constituyentes. Hoy la Coordinadora Social de Magallanes se alza orgullosa, contenta, emocionada y dispuesta a seguir trabajando para que la Constituci\u00f3n sea al fin una herramienta que beneficie a todas las personas que habitan este territorio y no solo a la \u00e9lite.<\/p>\n\n\n\n<p>El objetivo se cumpli\u00f3: una coordinadora aut\u00f3noma e independiente, que congreg\u00f3 esfuerzos de organizaciones y gremios de la regi\u00f3n, provenientes de Puerto Natales, Porvenir, Puerto Williams y Punta Arenas; la cual fue capaz de enfrentarse a un amplio espectro de listas de partidos pol\u00edticos, independientes con apoyo parlamentario, y otras, asegurando una v\u00eda directa de representaci\u00f3n popular para las comunidades de la regi\u00f3n, mediante la interlocuci\u00f3n de la candidata electa Elisa Giustinianovich Campos, representante de la Coordinadora Feminista de Punta Arenas.<\/p>\n\n\n\n<p>Agradecemos el invaluable trabajo que efectuaron cada una\/o de las\/os integrantes de esta coordinaci\u00f3n regional, y especialmente a nuestros candidatos\/a In\u00e9s Vidal Andrade, Pablo Cifuentes Vladilo, Patricio Fuentes Olgu\u00edn y Javier Omar Aguilar Vera, porque sin la labor seria y responsable que efectuaron junto a sus equipos en sus territorios, este logro de equipo no hubiese sido posible, por las caracter\u00edsticas del Sistema D\u2019Hont.<\/p>\n\n\n\n<p>A la comunidad magall\u00e1nica, le reafirmamos que la alegr\u00eda de este fin de semana &#8211; y los estrepitosos resultados que tuvieron los partidos de Gobierno y Oposici\u00f3n-, no nublar\u00e1 el camino que hemos iniciado y que est\u00e1 relacionado directamente con la inclusi\u00f3n de la diversidad de personas y de pueblos originarios; implementaci\u00f3n de una verdadera democracia participativa; educaci\u00f3n como derecho y no un privilegio; salud universal, p\u00fablica y gratuita; integraci\u00f3n del enfoque feminista; naturaleza como sujeto de derecho; trabajar para que la infancia sea realmente una prioridad en nuestro pa\u00eds; pensiones dignas para adultos mayores; y otras materias abordadas en nuestro Mandato Popular.<\/p>\n\n\n\n<p>En adelante esta Coordinadora, presente en todos los territorios de la regi\u00f3n, debe cumplir con los compromisos adquiridos: implementar herramientas de participaci\u00f3n y consulta en las comunidades, y esperamos puedan sumarse a esta labor todas las voluntades posibles, y as\u00ed, encauzar desde esta Patagonia Rebelde, la voluntad ciudadana y los sue\u00f1os de un Chile Digno, que nuestra Convencional Constituyente Elisa Giustinianovich Campos defender\u00e1 en el Palacio Pereira.<\/p>\n","protected":false},"excerpt":{"rendered":"<p>Fue un largo camino, pero al fin pudimos elegir, votar, y ver reflejado en los resultados el arduo trabajo realizado durante meses. Este fin de semana comprobamos que las ideas&#8230; <a class=\"read-more\" href=\"https:\/\/www.radiopresidenteibanez.cl\/web\/coordinadora-social-magallanes-nuestra-mision-es-llevar-la-voluntad-ciudadana-a-la-discusion-constituyente\/\">Leer m\u00e1s<\/a><\/p>\n","protected":false},"author":2,"featured_media":20841,"comment_status":"closed","ping_status":"closed","sticky":false,"template":"","format":"standard","meta":{"footnotes":""},"categories":[1],"tags":[],"class_list":["post-20840","post","type-post","status-publish","format-standard","has-post-thumbnail","hentry","category-cronica"],"_links":{"self":[{"href":"https:\/\/www.radiopresidenteibanez.cl\/web\/wp-json\/wp\/v2\/posts\/20840","targetHints":{"allow":["GET"]}}],"collection":[{"href":"https:\/\/www.radiopresidenteibanez.cl\/web\/wp-json\/wp\/v2\/posts"}],"about":[{"href":"https:\/\/www.radiopresidenteibanez.cl\/web\/wp-json\/wp\/v2\/types\/post"}],"author":[{"embeddable":true,"href":"https:\/\/www.radiopresidenteibanez.cl\/web\/wp-json\/wp\/v2\/users\/2"}],"replies":[{"embeddable":true,"href":"https:\/\/www.radiopresidenteibanez.cl\/web\/wp-json\/wp\/v2\/comments?post=20840"}],"version-history":[{"count":0,"href":"https:\/\/www.radiopresidenteibanez.cl\/web\/wp-json\/wp\/v2\/posts\/20840\/revisions"}],"wp:featuredmedia":[{"embeddable":true,"href":"https:\/\/www.radiopresidenteibanez.cl\/web\/wp-json\/wp\/v2\/media\/20841"}],"wp:attachment":[{"href":"https:\/\/www.radiopresidenteibanez.cl\/web\/wp-json\/wp\/v2\/media?parent=20840"}],"wp:term":[{"taxonomy":"category","embeddable":true,"href":"https:\/\/www.radiopresidenteibanez.cl\/web\/wp-json\/wp\/v2\/categories?post=20840"},{"taxonomy":"post_tag","embeddable":true,"href":"https:\/\/www.radiopresidenteibanez.cl\/web\/wp-json\/wp\/v2\/tags?post=20840"}],"curies":[{"name":"wp","href":"https:\/\/api.w.org\/{rel}","templated":true}]}}