{"id":20831,"date":"2021-05-20T16:03:38","date_gmt":"2021-05-20T16:03:38","guid":{"rendered":"https:\/\/www.radiopresidenteibanez.cl\/web\/?p=20831"},"modified":"2021-05-20T16:03:43","modified_gmt":"2021-05-20T16:03:43","slug":"pdi-desbarata-clan-familiar-dedicado-al-microtrafico-en-punta-arenas","status":"publish","type":"post","link":"https:\/\/www.radiopresidenteibanez.cl\/web\/pdi-desbarata-clan-familiar-dedicado-al-microtrafico-en-punta-arenas\/","title":{"rendered":"PDI desbarata clan familiar dedicado al microtr\u00e1fico en Punta Arenas"},"content":{"rendered":"\n<p>Detectives del equipo Microtr\u00e1fico Cero de la Brigada\nAntinarc\u00f3ticos y Contra el Crimen Organizado (Brianco) Punta Arenas de la\nPolic\u00eda de Investigaciones detuvieron a dos integrantes de un clan familiar,\nuna mujer de nacionalidad argentina y su hijo de nacionalidad chilena, quienes\nse dedicaban a la comercializaci\u00f3n de droga en peque\u00f1as cantidades. <\/p>\n\n\n\n<p>A trav\u00e9s de un foco investigativo, la PDI y la unidad\nde An\u00e1lisis Criminal y Focos Investigativos de la Fiscal\u00eda Regional de\nMagallanes se encontraban indagando el caso y la tarde de este mi\u00e9rcoles los\ndetectives antinarc\u00f3ticos concretaron el operativo. <\/p>\n\n\n\n<p>Tras contar con la orden de entrada y registro, los oficiales\ningresaron a una vivienda en la que encontraron 62 gramos de cannabis sativa y\n4 gramos de clorhidrato de coca\u00edna, droga que de haber sido comercializada\nhubiera generado ganancias il\u00edcitas cercanas al mill\u00f3n de pesos. Adem\u00e1s, fueron\nincautadas balanzas digitales, celulares y $1.790.000 en dinero en efectivo. <\/p>\n\n\n\n<p>\u201cConforme a este procedimiento logramos desarticular y\nneutralizar un punto de venta de droga en el sector R\u00edo de la Mano de esta\ncomuna donde activamente este clan familiar se dedicaba a vender droga en\npeque\u00f1as cantidades a consumidores y adictos de esta regi\u00f3n\u201d, expres\u00f3 el\nsubprefecto Patricio Flores, jefe de la Brianco Punta Arenas. <\/p>\n\n\n\n<p>Los imputados tienen antecedentes policiales y el hombre\nde 23 a\u00f1os adem\u00e1s ten\u00eda una orden de detenci\u00f3n vigente por el delito de\naccidente con resultado de muerte, dictada por el Juzgado de Garant\u00eda de Punta\nArenas. Este jueves, ambos enfrentar\u00e1n la respectiva audiencia de control de\ndetenci\u00f3n. <\/p>\n","protected":false},"excerpt":{"rendered":"<p>Detectives del equipo Microtr\u00e1fico Cero de la Brigada Antinarc\u00f3ticos y Contra el Crimen Organizado (Brianco) Punta Arenas de la Polic\u00eda de Investigaciones detuvieron a dos integrantes de un clan familiar,&#8230; <a class=\"read-more\" href=\"https:\/\/www.radiopresidenteibanez.cl\/web\/pdi-desbarata-clan-familiar-dedicado-al-microtrafico-en-punta-arenas\/\">Leer m\u00e1s<\/a><\/p>\n","protected":false},"author":2,"featured_media":20832,"comment_status":"closed","ping_status":"closed","sticky":false,"template":"","format":"standard","meta":{"footnotes":""},"categories":[1,6],"tags":[],"class_list":["post-20831","post","type-post","status-publish","format-standard","has-post-thumbnail","hentry","category-cronica","category-policial"],"_links":{"self":[{"href":"https:\/\/www.radiopresidenteibanez.cl\/web\/wp-json\/wp\/v2\/posts\/20831","targetHints":{"allow":["GET"]}}],"collection":[{"href":"https:\/\/www.radiopresidenteibanez.cl\/web\/wp-json\/wp\/v2\/posts"}],"about":[{"href":"https:\/\/www.radiopresidenteibanez.cl\/web\/wp-json\/wp\/v2\/types\/post"}],"author":[{"embeddable":true,"href":"https:\/\/www.radiopresidenteibanez.cl\/web\/wp-json\/wp\/v2\/users\/2"}],"replies":[{"embeddable":true,"href":"https:\/\/www.radiopresidenteibanez.cl\/web\/wp-json\/wp\/v2\/comments?post=20831"}],"version-history":[{"count":0,"href":"https:\/\/www.radiopresidenteibanez.cl\/web\/wp-json\/wp\/v2\/posts\/20831\/revisions"}],"wp:featuredmedia":[{"embeddable":true,"href":"https:\/\/www.radiopresidenteibanez.cl\/web\/wp-json\/wp\/v2\/media\/20832"}],"wp:attachment":[{"href":"https:\/\/www.radiopresidenteibanez.cl\/web\/wp-json\/wp\/v2\/media?parent=20831"}],"wp:term":[{"taxonomy":"category","embeddable":true,"href":"https:\/\/www.radiopresidenteibanez.cl\/web\/wp-json\/wp\/v2\/categories?post=20831"},{"taxonomy":"post_tag","embeddable":true,"href":"https:\/\/www.radiopresidenteibanez.cl\/web\/wp-json\/wp\/v2\/tags?post=20831"}],"curies":[{"name":"wp","href":"https:\/\/api.w.org\/{rel}","templated":true}]}}