{"id":20828,"date":"2021-05-20T15:43:46","date_gmt":"2021-05-20T15:43:46","guid":{"rendered":"https:\/\/www.radiopresidenteibanez.cl\/web\/?p=20828"},"modified":"2021-05-20T15:43:51","modified_gmt":"2021-05-20T15:43:51","slug":"armada-de-chile-conmemora-el-21-de-mayo-con-radioteatros","status":"publish","type":"post","link":"https:\/\/www.radiopresidenteibanez.cl\/web\/armada-de-chile-conmemora-el-21-de-mayo-con-radioteatros\/","title":{"rendered":"Armada de Chile conmemora el 21 de mayo con radioteatros"},"content":{"rendered":"\n<p>Radios de todo Chile\ntransmitir\u00e1n, durante el mes de mayo, un ciclo de 4 radioteatros generados para\nconmemorar el Mes del Mar. La in\u00e9dita producci\u00f3n, a cargo del Grupo de Teatro\nde la Armada de Chile, podr\u00e1 llevar las distintas historias a todo el\nterritorio nacional gracias al convenio que Radio Naval tiene con las m\u00e1s de\n1500 radios que pertenecen a la Asociaci\u00f3n de Radiodifusores de Chile (ARCHI).<\/p>\n\n\n\n<p>Los radioteatros tambi\u00e9n\npodr\u00e1n ser escuchados en Radio Naval (radionaval.cl) a las 13:00 y 20:00 horas,\ncomenzando el mi\u00e9rcoles 19 de mayo con \u201cEl surfista inconsciente\u201d; jueves 20 de\nmayo con \u201cMagallanes, el viaje m\u00e1s extraordinario de la historia\u201d; s\u00e1bado 22 mayo\n\u201cEl \u00faltimo d\u00eda del grumete Baquedano\u201d; finalizando, el domingo 23, con \u201cEl\nmisterio de Madame Cormor\u00e1n\u201d. <\/p>\n\n\n\n<p>A estos\nradioteatros se sumar\u00e1 la tradicional producci\u00f3n de Iberoamericana Radio Chile que,\nen tiempo real, recrea detalladamente los hechos ocurridos el 21 de mayo de\n1879. Esta producci\u00f3n, que comienza a las 06:15 de la ma\u00f1ana del mismo 21, se\npodr\u00e1 seguir minuto a minuto a trav\u00e9s de la se\u00f1al de Radio Naval de forma\nininterrumpida hasta las 13 horas.<\/p>\n\n\n\n<p>Para finalizar, se\npresentar\u00e1 una segunda versi\u00f3n grabada en los a\u00f1os 60 y que corresponde a la\nserie \u201cAdi\u00f3s al S\u00e9ptimo de L\u00ednea\u201d, que relata la guerra del Pacifico y que\nestar\u00e1 a disposici\u00f3n en Radio Naval el 21 de mayo a las 20:00 horas, en un\nesfuerzo mancomunado por mantener vivo nuestras tradiciones, nuestra historia y\nsu conexi\u00f3n con el mar.<\/p>\n","protected":false},"excerpt":{"rendered":"<p>Radios de todo Chile transmitir\u00e1n, durante el mes de mayo, un ciclo de 4 radioteatros generados para conmemorar el Mes del Mar. La in\u00e9dita producci\u00f3n, a cargo del Grupo de&#8230; <a class=\"read-more\" href=\"https:\/\/www.radiopresidenteibanez.cl\/web\/armada-de-chile-conmemora-el-21-de-mayo-con-radioteatros\/\">Leer m\u00e1s<\/a><\/p>\n","protected":false},"author":2,"featured_media":20829,"comment_status":"closed","ping_status":"closed","sticky":false,"template":"","format":"standard","meta":{"footnotes":""},"categories":[1],"tags":[],"class_list":["post-20828","post","type-post","status-publish","format-standard","has-post-thumbnail","hentry","category-cronica"],"_links":{"self":[{"href":"https:\/\/www.radiopresidenteibanez.cl\/web\/wp-json\/wp\/v2\/posts\/20828","targetHints":{"allow":["GET"]}}],"collection":[{"href":"https:\/\/www.radiopresidenteibanez.cl\/web\/wp-json\/wp\/v2\/posts"}],"about":[{"href":"https:\/\/www.radiopresidenteibanez.cl\/web\/wp-json\/wp\/v2\/types\/post"}],"author":[{"embeddable":true,"href":"https:\/\/www.radiopresidenteibanez.cl\/web\/wp-json\/wp\/v2\/users\/2"}],"replies":[{"embeddable":true,"href":"https:\/\/www.radiopresidenteibanez.cl\/web\/wp-json\/wp\/v2\/comments?post=20828"}],"version-history":[{"count":0,"href":"https:\/\/www.radiopresidenteibanez.cl\/web\/wp-json\/wp\/v2\/posts\/20828\/revisions"}],"wp:featuredmedia":[{"embeddable":true,"href":"https:\/\/www.radiopresidenteibanez.cl\/web\/wp-json\/wp\/v2\/media\/20829"}],"wp:attachment":[{"href":"https:\/\/www.radiopresidenteibanez.cl\/web\/wp-json\/wp\/v2\/media?parent=20828"}],"wp:term":[{"taxonomy":"category","embeddable":true,"href":"https:\/\/www.radiopresidenteibanez.cl\/web\/wp-json\/wp\/v2\/categories?post=20828"},{"taxonomy":"post_tag","embeddable":true,"href":"https:\/\/www.radiopresidenteibanez.cl\/web\/wp-json\/wp\/v2\/tags?post=20828"}],"curies":[{"name":"wp","href":"https:\/\/api.w.org\/{rel}","templated":true}]}}