{"id":20816,"date":"2021-05-20T13:19:48","date_gmt":"2021-05-20T13:19:48","guid":{"rendered":"https:\/\/www.radiopresidenteibanez.cl\/web\/?p=20816"},"modified":"2021-05-20T13:19:54","modified_gmt":"2021-05-20T13:19:54","slug":"magallanes-con-matricula-completa-partio-diplomado-auditor-energetico-impartido-por-la-pucv","status":"publish","type":"post","link":"https:\/\/www.radiopresidenteibanez.cl\/web\/magallanes-con-matricula-completa-partio-diplomado-auditor-energetico-impartido-por-la-pucv\/","title":{"rendered":"Magallanes: Con matr\u00edcula completa parti\u00f3 Diplomado Auditor Energ\u00e9tico impartido por la PUCV"},"content":{"rendered":"\n<p><\/p>\n\n\n\n<p><\/p>\n\n\n\n<p>\u201cEs una oportunidad muy buena que nos est\u00e1 brindando educaci\u00f3n de calidad y especializada en el \u00e1mbito del sector energ\u00e9tico. Creo que la mejor manera de agradecer es aprovechar las clases, los profesores y tener un buen desempe\u00f1o en el Diplomado\u201d, dijo desde Puerto Natales el Ingeniero en Construcci\u00f3n, Ra\u00fal Uberuaga. <\/p>\n\n\n\n<p>Uberuaga es uno de los 60 becados para estudiar el\nDiplomado Auditor Energ\u00e9tico reci\u00e9n iniciado que imparte la Pontificia\nUniversidad Cat\u00f3lica de Valpara\u00edso (PUCV) y desarrolla la Agencia de\nSostenibilidad Energ\u00e9tica (AgenciaSE) junto al Ministerio de Energ\u00eda. <\/p>\n\n\n\n<p>El programa cuyo objetivo principal es formar profesionales capaces de analizar\nuna instalaci\u00f3n para optimizar el desempe\u00f1o energ\u00e9tico de sus sistemas y\nservicios relacionados, tuvo una gran respuesta y alto inter\u00e9s en participar de\nla convocatoria.&nbsp; <\/p>\n","protected":false},"excerpt":{"rendered":"<p>\u201cEs una oportunidad muy buena que nos est\u00e1 brindando educaci\u00f3n de calidad y especializada en el \u00e1mbito del sector energ\u00e9tico. Creo que la mejor manera de agradecer es aprovechar las&#8230; <a class=\"read-more\" href=\"https:\/\/www.radiopresidenteibanez.cl\/web\/magallanes-con-matricula-completa-partio-diplomado-auditor-energetico-impartido-por-la-pucv\/\">Leer m\u00e1s<\/a><\/p>\n","protected":false},"author":2,"featured_media":20817,"comment_status":"closed","ping_status":"closed","sticky":false,"template":"","format":"standard","meta":{"footnotes":""},"categories":[1],"tags":[],"class_list":["post-20816","post","type-post","status-publish","format-standard","has-post-thumbnail","hentry","category-cronica"],"_links":{"self":[{"href":"https:\/\/www.radiopresidenteibanez.cl\/web\/wp-json\/wp\/v2\/posts\/20816","targetHints":{"allow":["GET"]}}],"collection":[{"href":"https:\/\/www.radiopresidenteibanez.cl\/web\/wp-json\/wp\/v2\/posts"}],"about":[{"href":"https:\/\/www.radiopresidenteibanez.cl\/web\/wp-json\/wp\/v2\/types\/post"}],"author":[{"embeddable":true,"href":"https:\/\/www.radiopresidenteibanez.cl\/web\/wp-json\/wp\/v2\/users\/2"}],"replies":[{"embeddable":true,"href":"https:\/\/www.radiopresidenteibanez.cl\/web\/wp-json\/wp\/v2\/comments?post=20816"}],"version-history":[{"count":0,"href":"https:\/\/www.radiopresidenteibanez.cl\/web\/wp-json\/wp\/v2\/posts\/20816\/revisions"}],"wp:featuredmedia":[{"embeddable":true,"href":"https:\/\/www.radiopresidenteibanez.cl\/web\/wp-json\/wp\/v2\/media\/20817"}],"wp:attachment":[{"href":"https:\/\/www.radiopresidenteibanez.cl\/web\/wp-json\/wp\/v2\/media?parent=20816"}],"wp:term":[{"taxonomy":"category","embeddable":true,"href":"https:\/\/www.radiopresidenteibanez.cl\/web\/wp-json\/wp\/v2\/categories?post=20816"},{"taxonomy":"post_tag","embeddable":true,"href":"https:\/\/www.radiopresidenteibanez.cl\/web\/wp-json\/wp\/v2\/tags?post=20816"}],"curies":[{"name":"wp","href":"https:\/\/api.w.org\/{rel}","templated":true}]}}