{"id":20802,"date":"2021-05-20T11:37:02","date_gmt":"2021-05-20T11:37:02","guid":{"rendered":"https:\/\/www.radiopresidenteibanez.cl\/web\/?p=20802"},"modified":"2021-05-20T11:37:08","modified_gmt":"2021-05-20T11:37:08","slug":"para-profundizar-conocimiento-respecto-de-la-labor-de-la-fiscalia-fiscal-sacfi-dialoga-con-vecinos-del-archipielago-de-chiloe","status":"publish","type":"post","link":"https:\/\/www.radiopresidenteibanez.cl\/web\/para-profundizar-conocimiento-respecto-de-la-labor-de-la-fiscalia-fiscal-sacfi-dialoga-con-vecinos-del-archipielago-de-chiloe\/","title":{"rendered":"Para profundizar conocimiento respecto de la labor de la Fiscal\u00eda FISCAL SACFI DIALOGA CON VECINOS DEL ARCHIPIELAGO DE CHILO\u00c9"},"content":{"rendered":"\n<p>La\nFiscal de la Unidad de An\u00e1lisis Criminal y Focos Investigativos,&nbsp; Rina Blanco, dialog\u00f3 con vecinos y\nrepresentantes de la Poblaci\u00f3n Archipi\u00e9lago de Chilo\u00e9,&nbsp;respecto de la labor investigativa &nbsp;&nbsp;&nbsp;y de protecci\u00f3n de v\u00edctimas y testigos del\nMinisterio P\u00fablico,&nbsp; como tambi\u00e9n de la\nUnidad SACFI y&nbsp; sobre la Ley&nbsp; de Responsabilidad&nbsp; Penal Adolescente.<\/p>\n\n\n\n<p>La actividad se enmarc\u00f3 en la Mesa\nComunitaria &nbsp;del Programa&nbsp; Barrios Prioritarios&nbsp; a cargo de FOSIS,&nbsp; convocada por el \u00e1rea de Seguridad P\u00fablica de\nla Ilustre Municipalidad de Punta Arenas, &nbsp;a la cual la Fiscal\u00eda fue convocada,\npermitiendo a los vecinos disipar dudas respecto del sistema procesal penal y\nLey de responsabilidad penal juvenil.<\/p>\n\n\n\n<p>Cabe indicar que estas charlas se han realizado, a lo\nlargo del a\u00f1o,&nbsp; con distintas\nagrupaciones de la Regi\u00f3n y seguir\u00e1n repiti\u00e9ndose abarcando diversas materias\nen el \u00e1mbito penal. <\/p>\n","protected":false},"excerpt":{"rendered":"<p>La Fiscal de la Unidad de An\u00e1lisis Criminal y Focos Investigativos,&nbsp; Rina Blanco, dialog\u00f3 con vecinos y representantes de la Poblaci\u00f3n Archipi\u00e9lago de Chilo\u00e9,&nbsp;respecto de la labor investigativa &nbsp;&nbsp;&nbsp;y de&#8230; <a class=\"read-more\" href=\"https:\/\/www.radiopresidenteibanez.cl\/web\/para-profundizar-conocimiento-respecto-de-la-labor-de-la-fiscalia-fiscal-sacfi-dialoga-con-vecinos-del-archipielago-de-chiloe\/\">Leer m\u00e1s<\/a><\/p>\n","protected":false},"author":2,"featured_media":20804,"comment_status":"closed","ping_status":"closed","sticky":false,"template":"","format":"standard","meta":{"footnotes":""},"categories":[1],"tags":[],"class_list":["post-20802","post","type-post","status-publish","format-standard","has-post-thumbnail","hentry","category-cronica"],"_links":{"self":[{"href":"https:\/\/www.radiopresidenteibanez.cl\/web\/wp-json\/wp\/v2\/posts\/20802","targetHints":{"allow":["GET"]}}],"collection":[{"href":"https:\/\/www.radiopresidenteibanez.cl\/web\/wp-json\/wp\/v2\/posts"}],"about":[{"href":"https:\/\/www.radiopresidenteibanez.cl\/web\/wp-json\/wp\/v2\/types\/post"}],"author":[{"embeddable":true,"href":"https:\/\/www.radiopresidenteibanez.cl\/web\/wp-json\/wp\/v2\/users\/2"}],"replies":[{"embeddable":true,"href":"https:\/\/www.radiopresidenteibanez.cl\/web\/wp-json\/wp\/v2\/comments?post=20802"}],"version-history":[{"count":0,"href":"https:\/\/www.radiopresidenteibanez.cl\/web\/wp-json\/wp\/v2\/posts\/20802\/revisions"}],"wp:featuredmedia":[{"embeddable":true,"href":"https:\/\/www.radiopresidenteibanez.cl\/web\/wp-json\/wp\/v2\/media\/20804"}],"wp:attachment":[{"href":"https:\/\/www.radiopresidenteibanez.cl\/web\/wp-json\/wp\/v2\/media?parent=20802"}],"wp:term":[{"taxonomy":"category","embeddable":true,"href":"https:\/\/www.radiopresidenteibanez.cl\/web\/wp-json\/wp\/v2\/categories?post=20802"},{"taxonomy":"post_tag","embeddable":true,"href":"https:\/\/www.radiopresidenteibanez.cl\/web\/wp-json\/wp\/v2\/tags?post=20802"}],"curies":[{"name":"wp","href":"https:\/\/api.w.org\/{rel}","templated":true}]}}