{"id":20799,"date":"2021-05-20T11:26:11","date_gmt":"2021-05-20T11:26:11","guid":{"rendered":"https:\/\/www.radiopresidenteibanez.cl\/web\/?p=20799"},"modified":"2021-05-20T11:26:16","modified_gmt":"2021-05-20T11:26:16","slug":"sercotec-invita-a-las-micro-y-pequenas-empresas-a-postular-al-programa-reactivate-pyme","status":"publish","type":"post","link":"https:\/\/www.radiopresidenteibanez.cl\/web\/sercotec-invita-a-las-micro-y-pequenas-empresas-a-postular-al-programa-reactivate-pyme\/","title":{"rendered":"SERCOTEC INVITA A LAS MICRO Y PEQUE\u00d1AS EMPRESAS A POSTULAR AL PROGRAMA \u201cREACTIVATE PYME\u201d"},"content":{"rendered":"\n<p>La intendenta de Magallanes, Jennifer Rojas,\njunto con la seremi de Econom\u00eda, Fomento y Turismo, Natalia Easton, y la\ndirectora regional de Sercotec, Mar\u00eda Soledad Solo de Zald\u00edvar, realizaron un\nllamado a los micro y peque\u00f1os empresarios y empresarias a concursar al\nprograma React\u00edvate Pyme. \u201cComo gobierno, como Sercotec, estamos y estaremos\nsiempre acompa\u00f1ando a todos los micro y peque\u00f1os empresarios de nuestra regi\u00f3n\nde Magallanes\u201d, dijo la directora regional. <\/p>\n\n\n\n<p>La intendenta de Magallanes, por su parte se\u00f1ala\nque \u201csabemos que han sido tiempos muy dif\u00edciles y pese a eso seguimos\ntrabajando con m\u00e1s fuerza que nunca para levantar a quienes son nuestros\nprincipales motores de econom\u00eda para nuestro pa\u00eds. Hoy estamos enfocados en\naquellos peque\u00f1os y medianos emprendedores que son quienes dan trabajo a miles\nde familia en nuestra regi\u00f3n\u201d. <\/p>\n\n\n\n<p>Adem\u00e1s, la seremi de Econom\u00eda, Natalie Easton\nrecalca que \u201ca trav\u00e9s del Ministerio de Econom\u00eda y junto a nuestra red de\nfomento: Sercotec, Corfo, Fosis, Indap y Sernameg, en el a\u00f1o 2020 pudimos\nbeneficiar a mas de tres mil quinientas empresas de menor tama\u00f1o con mas de\nocho mil millones de pesos. Eso significa de una de cada tres pudo contar con\nestos subsidios que han sido significativos para apalear los embates de esta\npandemia\u201d. <\/p>\n\n\n\n<p>Es por esto que con React\u00edvate Pyme, micros y\npeque\u00f1os empresarios y empresarias podr\u00e1n adjudicarse a un subsidio de hasta\ncuatro millones de pesos con un cofinanciamiento de un 20%. \u201cEsto podr\u00e1 ser en\ntres l\u00edneas: 100% en dinero; 50% en dinero o aporte valorizado; y la tercera es\n100% de aporte valorizado\u201d, dijo la directora regional, Mar\u00eda Soledad Solo de\nZald\u00edvar. Adem\u00e1s, a\u00f1ade que \u201ctodos aquellos que postularon el 2020 y se\nadjudicaron recursos de Sercotec, podr\u00e1n volver a postular a estos fondos\nconcursables. La invitaci\u00f3n es a todas las pymes, independiente del rubro\necon\u00f3mico, que est\u00e9n en primera categor\u00eda ante el Servicio Impuestos Internos, y\nse hayan visto afectadas por la emergencia sanitaria, puedan postular\u201d. <\/p>\n","protected":false},"excerpt":{"rendered":"<p>La intendenta de Magallanes, Jennifer Rojas, junto con la seremi de Econom\u00eda, Fomento y Turismo, Natalia Easton, y la directora regional de Sercotec, Mar\u00eda Soledad Solo de Zald\u00edvar, realizaron un&#8230; <a class=\"read-more\" href=\"https:\/\/www.radiopresidenteibanez.cl\/web\/sercotec-invita-a-las-micro-y-pequenas-empresas-a-postular-al-programa-reactivate-pyme\/\">Leer m\u00e1s<\/a><\/p>\n","protected":false},"author":2,"featured_media":20800,"comment_status":"closed","ping_status":"closed","sticky":false,"template":"","format":"standard","meta":{"footnotes":""},"categories":[1],"tags":[],"class_list":["post-20799","post","type-post","status-publish","format-standard","has-post-thumbnail","hentry","category-cronica"],"_links":{"self":[{"href":"https:\/\/www.radiopresidenteibanez.cl\/web\/wp-json\/wp\/v2\/posts\/20799","targetHints":{"allow":["GET"]}}],"collection":[{"href":"https:\/\/www.radiopresidenteibanez.cl\/web\/wp-json\/wp\/v2\/posts"}],"about":[{"href":"https:\/\/www.radiopresidenteibanez.cl\/web\/wp-json\/wp\/v2\/types\/post"}],"author":[{"embeddable":true,"href":"https:\/\/www.radiopresidenteibanez.cl\/web\/wp-json\/wp\/v2\/users\/2"}],"replies":[{"embeddable":true,"href":"https:\/\/www.radiopresidenteibanez.cl\/web\/wp-json\/wp\/v2\/comments?post=20799"}],"version-history":[{"count":0,"href":"https:\/\/www.radiopresidenteibanez.cl\/web\/wp-json\/wp\/v2\/posts\/20799\/revisions"}],"wp:featuredmedia":[{"embeddable":true,"href":"https:\/\/www.radiopresidenteibanez.cl\/web\/wp-json\/wp\/v2\/media\/20800"}],"wp:attachment":[{"href":"https:\/\/www.radiopresidenteibanez.cl\/web\/wp-json\/wp\/v2\/media?parent=20799"}],"wp:term":[{"taxonomy":"category","embeddable":true,"href":"https:\/\/www.radiopresidenteibanez.cl\/web\/wp-json\/wp\/v2\/categories?post=20799"},{"taxonomy":"post_tag","embeddable":true,"href":"https:\/\/www.radiopresidenteibanez.cl\/web\/wp-json\/wp\/v2\/tags?post=20799"}],"curies":[{"name":"wp","href":"https:\/\/api.w.org\/{rel}","templated":true}]}}