{"id":20795,"date":"2021-05-19T18:49:04","date_gmt":"2021-05-19T18:49:04","guid":{"rendered":"https:\/\/www.radiopresidenteibanez.cl\/web\/?p=20795"},"modified":"2021-05-19T18:49:09","modified_gmt":"2021-05-19T18:49:09","slug":"archi-88-anos-de-historia-comunicacional-en-chile","status":"publish","type":"post","link":"https:\/\/www.radiopresidenteibanez.cl\/web\/archi-88-anos-de-historia-comunicacional-en-chile\/","title":{"rendered":"ARCHI 88 A\u00d1OS DE HISTORIA COMUNICACIONAL EN CHILE"},"content":{"rendered":"\n<p>En un nuevo aniversario de la Asociaci\u00f3n de\nRadiodifusores de Chile, zanjamos la controversia en los a\u00f1os de celebraci\u00f3n y\nque en palabras del Director Nacional de ARCHI se deben contar desde su\nfundaci\u00f3n en 1933.<\/p>\n\n\n\n<p>Si bien un 19 de mayo de 1936 se proclama legalmente\ny se oficializa reci\u00e9n el 14 de enero de 1935, el Director de la ARCHI, Eduardo\nMartinez comenta que debemos celebrar desde su fundaci\u00f3n en 1933.<\/p>\n\n\n\n<p>Pero dejamos este sano dilema para dar paso a lo realmente\nimportante, que es analizar, ya no el pasado de la asociaci\u00f3n sino que el\npresente y el futuro, ambos inciertos y que plantean un desaf\u00edo para todos los\ninvolucrados en esta labor.<\/p>\n\n\n\n<p>Desde el estallido social y la pandemia podemos\nextraer importantes aprendizajes relata Eduardo Martinez, donde se vieron\nafectados todos los \u00e1mbitos de nuestra sociedad pero donde la radio tiene que\nver el vaso medio lleno. \u201cLa radio creci\u00f3 no solo en informar y en entregar\ncontenidos, adem\u00e1s en servir como una v\u00eda de escape para la gente, la que pudo\ny puede expresarse desde la frustraci\u00f3n, el dolor y la incertidumbre causadas\npor la pandemia\u201d. <\/p>\n\n\n\n<p>Desde Marzo de 2020 y durante la 47\u00ba Asamblea de La\nAsociaci\u00f3n Internacional de Radiodifusi\u00f3n realizada en Santa Cruz, Chile, ya se\nconoc\u00eda el camino de aprendizaje que deb\u00eda hacer la radio y que se puso en\npr\u00e1ctica durante el estallido social, \u201cla radio deb\u00eda realizar su discurso no a\npartir de realidades absolutas sino que del escuchar a la ciudadania, de esta\nforma aprendimos nosotros como radiodifusores y tambi\u00e9n los ciudadanos\u201d.<\/p>\n\n\n\n<p>Para el futuro ARCHI se plantea seguir creciendo y\ncon un objetivo claro, \u201cincorporar y hacer parte de las radios las nuevas\nformas de comunicaci\u00f3n, sean no solo las redes sociales, sino plataformas donde\nla gente pueda acceder a la informaci\u00f3n de su importancia cuando y donde ellos\nquieran, teniendo siempre en cuenta que la gente es la importante y que\nnosotros como ARCHI nos enfocaremos en acortar la brecha digital para que los\nobjetivos de todos nuestros radiodifusores sea cumplido\u201d.<\/p>\n","protected":false},"excerpt":{"rendered":"<p>En un nuevo aniversario de la Asociaci\u00f3n de Radiodifusores de Chile, zanjamos la controversia en los a\u00f1os de celebraci\u00f3n y que en palabras del Director Nacional de ARCHI se deben&#8230; <a class=\"read-more\" href=\"https:\/\/www.radiopresidenteibanez.cl\/web\/archi-88-anos-de-historia-comunicacional-en-chile\/\">Leer m\u00e1s<\/a><\/p>\n","protected":false},"author":2,"featured_media":20796,"comment_status":"closed","ping_status":"closed","sticky":false,"template":"","format":"standard","meta":{"footnotes":""},"categories":[1],"tags":[],"class_list":["post-20795","post","type-post","status-publish","format-standard","has-post-thumbnail","hentry","category-cronica"],"_links":{"self":[{"href":"https:\/\/www.radiopresidenteibanez.cl\/web\/wp-json\/wp\/v2\/posts\/20795","targetHints":{"allow":["GET"]}}],"collection":[{"href":"https:\/\/www.radiopresidenteibanez.cl\/web\/wp-json\/wp\/v2\/posts"}],"about":[{"href":"https:\/\/www.radiopresidenteibanez.cl\/web\/wp-json\/wp\/v2\/types\/post"}],"author":[{"embeddable":true,"href":"https:\/\/www.radiopresidenteibanez.cl\/web\/wp-json\/wp\/v2\/users\/2"}],"replies":[{"embeddable":true,"href":"https:\/\/www.radiopresidenteibanez.cl\/web\/wp-json\/wp\/v2\/comments?post=20795"}],"version-history":[{"count":0,"href":"https:\/\/www.radiopresidenteibanez.cl\/web\/wp-json\/wp\/v2\/posts\/20795\/revisions"}],"wp:featuredmedia":[{"embeddable":true,"href":"https:\/\/www.radiopresidenteibanez.cl\/web\/wp-json\/wp\/v2\/media\/20796"}],"wp:attachment":[{"href":"https:\/\/www.radiopresidenteibanez.cl\/web\/wp-json\/wp\/v2\/media?parent=20795"}],"wp:term":[{"taxonomy":"category","embeddable":true,"href":"https:\/\/www.radiopresidenteibanez.cl\/web\/wp-json\/wp\/v2\/categories?post=20795"},{"taxonomy":"post_tag","embeddable":true,"href":"https:\/\/www.radiopresidenteibanez.cl\/web\/wp-json\/wp\/v2\/tags?post=20795"}],"curies":[{"name":"wp","href":"https:\/\/api.w.org\/{rel}","templated":true}]}}