{"id":20792,"date":"2021-05-19T18:33:58","date_gmt":"2021-05-19T18:33:58","guid":{"rendered":"https:\/\/www.radiopresidenteibanez.cl\/web\/?p=20792"},"modified":"2021-05-19T18:34:03","modified_gmt":"2021-05-19T18:34:03","slug":"prochile-y-corfo-abren-su-convocatoria-para-goglobal-2021","status":"publish","type":"post","link":"https:\/\/www.radiopresidenteibanez.cl\/web\/prochile-y-corfo-abren-su-convocatoria-para-goglobal-2021\/","title":{"rendered":"ProChile y Corfo abren su convocatoria para GoGlobal 2021"},"content":{"rendered":"\n<p>Con el fin de seguir aportando a la reactivaci\u00f3n\necon\u00f3mica del pa\u00eds, ProChile y Corfo refuerzan su compromiso y lanzan una nueva\nconvocatoria para la tercera versi\u00f3n de GoGlobal, programa que apoya el proceso\nde internacionalizaci\u00f3n de emprendimientos, permiti\u00e9ndoles acceder a los\nmercados de Per\u00fa, Colombia, M\u00e9xico y Estados Unidos, para potenciar as\u00ed, sus\nventas en los mercados de destino.<\/p>\n\n\n\n<p>Hasta\nel 27 de mayo se encontrar\u00e1 abierto el proceso en el que se espera\nseleccionar a, al menos, 40 empresas chilenas que tengan un producto de base\ntecnol\u00f3gica, potencial de escalabilidad, idealmente alg\u00fan grado de propiedad\nintelectual, con validaci\u00f3n comercial en el mercado nacional y que est\u00e9n\npreparadas para expandirse a otros pa\u00edses junto a una estrategia concreta para\nel mercado de destino que seleccionen.<\/p>\n\n\n\n<p>Por su parte, Pablo Terrazas, Vicepresidente\nEjecutivo de Corfo destac\u00f3 que \u201cla internacionalizaci\u00f3n de las empresas que\napoyamos desde Corfo es para nosotros fundamental, y un paso concreto en el\ncrecimiento y la proyecci\u00f3n de estas. GoGlobal es un programa importante en\neste sentido, y pese a que con la pandemia hemos tenido que readaptar a forma\ndigital estos espacios de intercambio comercial y cultural, hemos comprobado\nque sigue siendo un aporte para que los emprendedores puedan avanzar hacia la\nescalabilidad de sus negocios, accediendo a nuevos mercados. <\/p>\n\n\n\n<p>El programa se divide en dos fases, la de pre-internacionalizaci\u00f3n\nque considera dos semanas intensivas con una serie de charlas, seminarios y\ncapacitaciones relativas al proceso de internacionalizaci\u00f3n como aspectos\nlegales y tributarios, inteligencia comercial, aspectos culturales\nintroductorios y espec\u00edficos sobre cada pa\u00eds, adem\u00e1s de la realizaci\u00f3n de un\ntrabajo conjunto con la empresa proveedora del servicio de softlanding para\npoder establecer el plan de trabajo que realizar\u00e1 la startup durante el proceso\nde inmersi\u00f3n en el mercado internacional. <\/p>\n","protected":false},"excerpt":{"rendered":"<p>Con el fin de seguir aportando a la reactivaci\u00f3n econ\u00f3mica del pa\u00eds, ProChile y Corfo refuerzan su compromiso y lanzan una nueva convocatoria para la tercera versi\u00f3n de GoGlobal, programa&#8230; <a class=\"read-more\" href=\"https:\/\/www.radiopresidenteibanez.cl\/web\/prochile-y-corfo-abren-su-convocatoria-para-goglobal-2021\/\">Leer m\u00e1s<\/a><\/p>\n","protected":false},"author":2,"featured_media":20793,"comment_status":"closed","ping_status":"closed","sticky":false,"template":"","format":"standard","meta":{"footnotes":""},"categories":[1],"tags":[],"class_list":["post-20792","post","type-post","status-publish","format-standard","has-post-thumbnail","hentry","category-cronica"],"_links":{"self":[{"href":"https:\/\/www.radiopresidenteibanez.cl\/web\/wp-json\/wp\/v2\/posts\/20792","targetHints":{"allow":["GET"]}}],"collection":[{"href":"https:\/\/www.radiopresidenteibanez.cl\/web\/wp-json\/wp\/v2\/posts"}],"about":[{"href":"https:\/\/www.radiopresidenteibanez.cl\/web\/wp-json\/wp\/v2\/types\/post"}],"author":[{"embeddable":true,"href":"https:\/\/www.radiopresidenteibanez.cl\/web\/wp-json\/wp\/v2\/users\/2"}],"replies":[{"embeddable":true,"href":"https:\/\/www.radiopresidenteibanez.cl\/web\/wp-json\/wp\/v2\/comments?post=20792"}],"version-history":[{"count":0,"href":"https:\/\/www.radiopresidenteibanez.cl\/web\/wp-json\/wp\/v2\/posts\/20792\/revisions"}],"wp:featuredmedia":[{"embeddable":true,"href":"https:\/\/www.radiopresidenteibanez.cl\/web\/wp-json\/wp\/v2\/media\/20793"}],"wp:attachment":[{"href":"https:\/\/www.radiopresidenteibanez.cl\/web\/wp-json\/wp\/v2\/media?parent=20792"}],"wp:term":[{"taxonomy":"category","embeddable":true,"href":"https:\/\/www.radiopresidenteibanez.cl\/web\/wp-json\/wp\/v2\/categories?post=20792"},{"taxonomy":"post_tag","embeddable":true,"href":"https:\/\/www.radiopresidenteibanez.cl\/web\/wp-json\/wp\/v2\/tags?post=20792"}],"curies":[{"name":"wp","href":"https:\/\/api.w.org\/{rel}","templated":true}]}}