{"id":20789,"date":"2021-05-19T15:34:10","date_gmt":"2021-05-19T15:34:10","guid":{"rendered":"https:\/\/www.radiopresidenteibanez.cl\/web\/?p=20789"},"modified":"2021-05-19T15:34:16","modified_gmt":"2021-05-19T15:34:16","slug":"gobernacion-de-magallanes-dice-no-al-ciberbullying","status":"publish","type":"post","link":"https:\/\/www.radiopresidenteibanez.cl\/web\/gobernacion-de-magallanes-dice-no-al-ciberbullying\/","title":{"rendered":"Gobernaci\u00f3n de Magallanes dice NO al Ciberbullying"},"content":{"rendered":"\n<p>Con el\nobjetivo de informar y cuidar la salud emocional, el \u00e1rea de Promoci\u00f3n y\nPrevenci\u00f3n, de la Oficina de Protecci\u00f3n de Derechos (OPD) de Ni\u00f1os, Ni\u00f1as y\nAdolescentes (NNA) de Magallanes, est\u00e1 realizando talleres on line durante el\nmes de mayo; enfocados en ayudar a ni\u00f1os y padres frente al periodo de\ncuarentena. En ese sentido, la OPD igualmente, realiza talleres de prevenci\u00f3n y\nautocuidado, poniendo \u00e9nfasis en el aprendizaje de los derechos, a trav\u00e9s de\nmetodolog\u00edas did\u00e1cticas y entretenidas, abordando temas de Buen Trato, tales\ncomo: empat\u00eda y trabajo en equipo.<\/p>\n\n\n\n<p>El\nciberbullying o ciberacoso, ha recrudecido en tiempos de pandemia, porque desde\nque \u00e9sta se declarara, las clases para los alumnos, y la socializaci\u00f3n, se han\ndigitalizado, se realizan a teledistancia, a trav\u00e9s de correo, Meet, Zoom, o\ncorreo y esta pr\u00e1ctica da\u00f1ina puede traer como consecuencia efectos emocionales\ngraves, que es preciso detener.<\/p>\n\n\n\n<p>Por\nesa raz\u00f3n los talleres y todo el trabajo que realiza la OPD para llegar a\npadres e hijos con informaci\u00f3n sobre las causas, consecuencias y c\u00f3mo evitar el\nciberbullying es tan importante. El gobernador provincial de Magallanes,\nAlejandro V\u00e1squez Servieri, expuso la importancia de enfrentar estos temas de\nuna forma constructiva, que \u201cpermita mejorar la calidad de vida de los NNA de\nla provincia<\/p>\n\n\n\n<p>Quienes est\u00e9n\ninteresados, para contactarse o inscribirse en los talleres, pueden hacerlo en\nhorario de oficina, al tel\u00e9fono 61 2268921; o de forma presencial, de Fase 2 en\nadelante, en el barrio 18 de septiembre, en la calle Primera Junta de Gobierno\n#0225. Para emergencias o inscripci\u00f3n v\u00eda web, pueden escribir al correo:\nopdmagallanes@gmail.com.<\/p>\n","protected":false},"excerpt":{"rendered":"<p>Con el objetivo de informar y cuidar la salud emocional, el \u00e1rea de Promoci\u00f3n y Prevenci\u00f3n, de la Oficina de Protecci\u00f3n de Derechos (OPD) de Ni\u00f1os, Ni\u00f1as y Adolescentes (NNA)&#8230; <a class=\"read-more\" href=\"https:\/\/www.radiopresidenteibanez.cl\/web\/gobernacion-de-magallanes-dice-no-al-ciberbullying\/\">Leer m\u00e1s<\/a><\/p>\n","protected":false},"author":2,"featured_media":20790,"comment_status":"closed","ping_status":"closed","sticky":false,"template":"","format":"standard","meta":{"footnotes":""},"categories":[1],"tags":[],"class_list":["post-20789","post","type-post","status-publish","format-standard","has-post-thumbnail","hentry","category-cronica"],"_links":{"self":[{"href":"https:\/\/www.radiopresidenteibanez.cl\/web\/wp-json\/wp\/v2\/posts\/20789","targetHints":{"allow":["GET"]}}],"collection":[{"href":"https:\/\/www.radiopresidenteibanez.cl\/web\/wp-json\/wp\/v2\/posts"}],"about":[{"href":"https:\/\/www.radiopresidenteibanez.cl\/web\/wp-json\/wp\/v2\/types\/post"}],"author":[{"embeddable":true,"href":"https:\/\/www.radiopresidenteibanez.cl\/web\/wp-json\/wp\/v2\/users\/2"}],"replies":[{"embeddable":true,"href":"https:\/\/www.radiopresidenteibanez.cl\/web\/wp-json\/wp\/v2\/comments?post=20789"}],"version-history":[{"count":0,"href":"https:\/\/www.radiopresidenteibanez.cl\/web\/wp-json\/wp\/v2\/posts\/20789\/revisions"}],"wp:featuredmedia":[{"embeddable":true,"href":"https:\/\/www.radiopresidenteibanez.cl\/web\/wp-json\/wp\/v2\/media\/20790"}],"wp:attachment":[{"href":"https:\/\/www.radiopresidenteibanez.cl\/web\/wp-json\/wp\/v2\/media?parent=20789"}],"wp:term":[{"taxonomy":"category","embeddable":true,"href":"https:\/\/www.radiopresidenteibanez.cl\/web\/wp-json\/wp\/v2\/categories?post=20789"},{"taxonomy":"post_tag","embeddable":true,"href":"https:\/\/www.radiopresidenteibanez.cl\/web\/wp-json\/wp\/v2\/tags?post=20789"}],"curies":[{"name":"wp","href":"https:\/\/api.w.org\/{rel}","templated":true}]}}