{"id":2078,"date":"2019-03-10T15:28:36","date_gmt":"2019-03-10T15:28:36","guid":{"rendered":"http:\/\/www.radiopresidenteibanez.cl\/web\/?p=2078"},"modified":"2019-03-10T15:28:50","modified_gmt":"2019-03-10T15:28:50","slug":"ninos-y-adultos-disfrutaron-juntos-de-divertidas-actividades-en-la-plaza-de-armas","status":"publish","type":"post","link":"https:\/\/www.radiopresidenteibanez.cl\/web\/ninos-y-adultos-disfrutaron-juntos-de-divertidas-actividades-en-la-plaza-de-armas\/","title":{"rendered":"NI\u00d1OS Y ADULTOS DISFRUTARON JUNTOS DE DIVERTIDAS ACTIVIDADES EN LA PLAZA DE ARMAS"},"content":{"rendered":"\n<p> Entretenci\u00f3n, deportes y actividades culturales, fueron parte de la oferta que el Municipio de Punta Arenas, junto a empresas e instituciones de la zona, prepararon para cerrar el verano en la comuna, iniciativa que reuni\u00f3 a las familias puntarenenses, en un ambiente recreativo al aire libre.<\/p>\n\n\n\n<p>\u201cVer a las familias, es muy importante, porque aqu\u00ed ustedes ven que est\u00e1n los ni\u00f1os, con sus pap\u00e1s, con los abuelitos, con los t\u00edos, en un ambiente seguro que es fundamental para nosotros, y muy contentos de la recepci\u00f3n que hemos tenido a esta invitaci\u00f3n\u201d, afirm\u00f3 el alcalde de Punta Arenas, Claudio Radonich, agregando que el objetivo es que los ni\u00f1os se vinculen con el quehacer de las instituciones de la comunidad y que lo pasen bien.<\/p>\n\n\n\n<p>La iniciativa fue bien recibida por los asistentes, quienes valoraron que sus hijos pudieran pasar un momento diferente al aire libre. <\/p>\n\n\n\n<p>\u201cMe gust\u00f3 porque los ni\u00f1os pueden participar y aprenden cosas nuevas\u201d, indic\u00f3 Sonia Gallardo, quien asisti\u00f3 con la peque\u00f1a Ema, de 5 a\u00f1os y medio.<\/p>\n\n\n\n<p>Por su parte, Cristina Vidal, asisti\u00f3 con su marido y su hijo, Emiliano. \u201cEs una buena iniciativa porque no hay muchas actividades para los ni\u00f1os y el clima no favorece siempre, as\u00ed que hay buen clima, y eso favorece a que la comunidad pueda disfrutar de lo que tenemos el fin de semana\u201d, indic\u00f3.\u00a0<\/p>\n\n\n\n<p>La actividad se realiz\u00f3 entre las 15 y 17 horas, y cont\u00f3 adem\u00e1s, con premios para los asistentes.\u00a0 <\/p>\n\n\n\n<ul class=\"wp-block-gallery columns-2 is-cropped wp-block-gallery-1 is-layout-flex wp-block-gallery-is-layout-flex\"><li class=\"blocks-gallery-item\"><figure><img loading=\"lazy\" decoding=\"async\" width=\"900\" height=\"607\" src=\"https:\/\/www.radiopresidenteibanez.cl\/web\/wp-content\/uploads\/2019\/03\/DSC_6210.jpg\" alt=\"\" data-id=\"2079\" data-link=\"https:\/\/www.radiopresidenteibanez.cl\/web\/?attachment_id=2079\" class=\"wp-image-2079\" srcset=\"https:\/\/www.radiopresidenteibanez.cl\/web\/wp-content\/uploads\/2019\/03\/DSC_6210.jpg 900w, https:\/\/www.radiopresidenteibanez.cl\/web\/wp-content\/uploads\/2019\/03\/DSC_6210-300x202.jpg 300w, https:\/\/www.radiopresidenteibanez.cl\/web\/wp-content\/uploads\/2019\/03\/DSC_6210-768x518.jpg 768w\" sizes=\"auto, (max-width: 900px) 100vw, 900px\" \/><\/figure><\/li><li class=\"blocks-gallery-item\"><figure><img loading=\"lazy\" decoding=\"async\" width=\"900\" height=\"619\" src=\"https:\/\/www.radiopresidenteibanez.cl\/web\/wp-content\/uploads\/2019\/03\/DSC_6338.jpg\" alt=\"\" data-id=\"2080\" data-link=\"https:\/\/www.radiopresidenteibanez.cl\/web\/?attachment_id=2080\" class=\"wp-image-2080\" srcset=\"https:\/\/www.radiopresidenteibanez.cl\/web\/wp-content\/uploads\/2019\/03\/DSC_6338.jpg 900w, https:\/\/www.radiopresidenteibanez.cl\/web\/wp-content\/uploads\/2019\/03\/DSC_6338-300x206.jpg 300w, https:\/\/www.radiopresidenteibanez.cl\/web\/wp-content\/uploads\/2019\/03\/DSC_6338-768x528.jpg 768w\" sizes=\"auto, (max-width: 900px) 100vw, 900px\" \/><\/figure><\/li><\/ul>\n","protected":false},"excerpt":{"rendered":"<p>Entretenci\u00f3n, deportes y actividades culturales, fueron parte de la oferta que el Municipio de Punta Arenas, junto a empresas e instituciones de la zona, prepararon para cerrar el verano en&#8230; <a class=\"read-more\" href=\"https:\/\/www.radiopresidenteibanez.cl\/web\/ninos-y-adultos-disfrutaron-juntos-de-divertidas-actividades-en-la-plaza-de-armas\/\">Leer m\u00e1s<\/a><\/p>\n","protected":false},"author":2,"featured_media":2080,"comment_status":"closed","ping_status":"closed","sticky":false,"template":"","format":"standard","meta":{"footnotes":""},"categories":[1],"tags":[],"class_list":["post-2078","post","type-post","status-publish","format-standard","has-post-thumbnail","hentry","category-cronica"],"_links":{"self":[{"href":"https:\/\/www.radiopresidenteibanez.cl\/web\/wp-json\/wp\/v2\/posts\/2078","targetHints":{"allow":["GET"]}}],"collection":[{"href":"https:\/\/www.radiopresidenteibanez.cl\/web\/wp-json\/wp\/v2\/posts"}],"about":[{"href":"https:\/\/www.radiopresidenteibanez.cl\/web\/wp-json\/wp\/v2\/types\/post"}],"author":[{"embeddable":true,"href":"https:\/\/www.radiopresidenteibanez.cl\/web\/wp-json\/wp\/v2\/users\/2"}],"replies":[{"embeddable":true,"href":"https:\/\/www.radiopresidenteibanez.cl\/web\/wp-json\/wp\/v2\/comments?post=2078"}],"version-history":[{"count":0,"href":"https:\/\/www.radiopresidenteibanez.cl\/web\/wp-json\/wp\/v2\/posts\/2078\/revisions"}],"wp:featuredmedia":[{"embeddable":true,"href":"https:\/\/www.radiopresidenteibanez.cl\/web\/wp-json\/wp\/v2\/media\/2080"}],"wp:attachment":[{"href":"https:\/\/www.radiopresidenteibanez.cl\/web\/wp-json\/wp\/v2\/media?parent=2078"}],"wp:term":[{"taxonomy":"category","embeddable":true,"href":"https:\/\/www.radiopresidenteibanez.cl\/web\/wp-json\/wp\/v2\/categories?post=2078"},{"taxonomy":"post_tag","embeddable":true,"href":"https:\/\/www.radiopresidenteibanez.cl\/web\/wp-json\/wp\/v2\/tags?post=2078"}],"curies":[{"name":"wp","href":"https:\/\/api.w.org\/{rel}","templated":true}]}}