{"id":20779,"date":"2021-05-19T13:01:08","date_gmt":"2021-05-19T13:01:08","guid":{"rendered":"https:\/\/www.radiopresidenteibanez.cl\/web\/?p=20779"},"modified":"2021-05-19T13:01:14","modified_gmt":"2021-05-19T13:01:14","slug":"mas-de-80-personas-participaron-de-charla-virtual-sobre-el-ciberacoso","status":"publish","type":"post","link":"https:\/\/www.radiopresidenteibanez.cl\/web\/mas-de-80-personas-participaron-de-charla-virtual-sobre-el-ciberacoso\/","title":{"rendered":"M\u00e1s de 80 personas participaron de charla virtual sobre el ciberacoso"},"content":{"rendered":"\n<p>\n\nUna gran cantidad de personas participaron de la charla convocada desde la Unidad de Infancia de la Direcci\u00f3n de Desarrollo Comunitario del Municipio de Punta Arenas y dictada por la Fundaci\u00f3n Katy Summer, organizada para tratar el tema del ciberacoso y salud mental en j\u00f3venes.<br>La Fundaci\u00f3n Katy Summer ha dedicado y enfocado su trabajo en las comunidades escolares, trabajando tambi\u00e9n con entidades p\u00fablicas, privadas y otras organizaciones sociales para la prevenci\u00f3n del suicidio adolescente acompa\u00f1ando a ni\u00f1os, ni\u00f1as o adolescentes y\/o sus familias que est\u00e1n sufriendo las consecuencias de la ideaci\u00f3n suicida y el acoso escolar.<br>El nombre de la fundaci\u00f3n es en honor a la hija de los relatores, Katy, quien vivi\u00f3 un fuerte episodio de acoso escolar producto del cual decidi\u00f3 terminar con su vida.<br>La actividad fue dictada por los relatores Evanyely Zamorano y Emanuel Pacheco, quienes dieron a conocer un estudio con inteligencia artificial realizado en Chile durante el a\u00f1o 2020, en periodo de pandemia, sobre la relaci\u00f3n entre el ciberacoso y la salud mental.<br>La investigaci\u00f3n arroj\u00f3 que el ciberacoso es calificado como el problema de mayor gravedad por el 76,2% de ni\u00f1os y j\u00f3venes chilenos.<br>Los asistentes se manifestaron muy contentos y agradecidos con la instancia, que les permiti\u00f3 conocer acciones concretas de prevenci\u00f3n, involucramiento, concientizaci\u00f3n y desarrollo de un plan de emergencia.<br>Las futuras charlas se ir\u00e1n avisando a trav\u00e9s de los medios de comunicaci\u00f3n y redes sociales del Municipio de Punta Arenas, y ante cualquier sugerencia de tem\u00e1ticas a abordar, pueden escribir a&nbsp;<a href=\"mailto:infanciayjuventud@e-puntaarenas.cl\" target=\"_blank\" rel=\"noreferrer noopener\">infanciayjuventud@e-puntaarenas.cl<\/a><\/p>\n","protected":false},"excerpt":{"rendered":"<p>Una gran cantidad de personas participaron de la charla convocada desde la Unidad de Infancia de la Direcci\u00f3n de Desarrollo Comunitario del Municipio de Punta Arenas y dictada por la&#8230; <a class=\"read-more\" href=\"https:\/\/www.radiopresidenteibanez.cl\/web\/mas-de-80-personas-participaron-de-charla-virtual-sobre-el-ciberacoso\/\">Leer m\u00e1s<\/a><\/p>\n","protected":false},"author":2,"featured_media":20780,"comment_status":"closed","ping_status":"closed","sticky":false,"template":"","format":"standard","meta":{"footnotes":""},"categories":[1],"tags":[],"class_list":["post-20779","post","type-post","status-publish","format-standard","has-post-thumbnail","hentry","category-cronica"],"_links":{"self":[{"href":"https:\/\/www.radiopresidenteibanez.cl\/web\/wp-json\/wp\/v2\/posts\/20779","targetHints":{"allow":["GET"]}}],"collection":[{"href":"https:\/\/www.radiopresidenteibanez.cl\/web\/wp-json\/wp\/v2\/posts"}],"about":[{"href":"https:\/\/www.radiopresidenteibanez.cl\/web\/wp-json\/wp\/v2\/types\/post"}],"author":[{"embeddable":true,"href":"https:\/\/www.radiopresidenteibanez.cl\/web\/wp-json\/wp\/v2\/users\/2"}],"replies":[{"embeddable":true,"href":"https:\/\/www.radiopresidenteibanez.cl\/web\/wp-json\/wp\/v2\/comments?post=20779"}],"version-history":[{"count":0,"href":"https:\/\/www.radiopresidenteibanez.cl\/web\/wp-json\/wp\/v2\/posts\/20779\/revisions"}],"wp:featuredmedia":[{"embeddable":true,"href":"https:\/\/www.radiopresidenteibanez.cl\/web\/wp-json\/wp\/v2\/media\/20780"}],"wp:attachment":[{"href":"https:\/\/www.radiopresidenteibanez.cl\/web\/wp-json\/wp\/v2\/media?parent=20779"}],"wp:term":[{"taxonomy":"category","embeddable":true,"href":"https:\/\/www.radiopresidenteibanez.cl\/web\/wp-json\/wp\/v2\/categories?post=20779"},{"taxonomy":"post_tag","embeddable":true,"href":"https:\/\/www.radiopresidenteibanez.cl\/web\/wp-json\/wp\/v2\/tags?post=20779"}],"curies":[{"name":"wp","href":"https:\/\/api.w.org\/{rel}","templated":true}]}}