{"id":20776,"date":"2021-05-19T12:45:39","date_gmt":"2021-05-19T12:45:39","guid":{"rendered":"https:\/\/www.radiopresidenteibanez.cl\/web\/?p=20776"},"modified":"2021-05-19T12:45:44","modified_gmt":"2021-05-19T12:45:44","slug":"en-dia-del-soldado-conscripto-jovenes-destacados-reciben-reconocimiento-por-su-labor","status":"publish","type":"post","link":"https:\/\/www.radiopresidenteibanez.cl\/web\/en-dia-del-soldado-conscripto-jovenes-destacados-reciben-reconocimiento-por-su-labor\/","title":{"rendered":"EN D\u00cdA DEL SOLDADO CONSCRIPTO J\u00d3VENES DESTACADOS RECIBEN RECONOCIMIENTO POR SU LABOR"},"content":{"rendered":"\n<p>A 16 a\u00f1os de la tragedia de Antuco,  en el D\u00eda del Soldado Conscripto,  homenaje que se rinde a las v\u00edctimas de la tragedia, en los faldeos del volc\u00e1n Antuco, en mayo del a\u00f1o 2005, tuvo especial significado en el encuentro realizado entre dos Soldados conscriptos, los mejores de su clase, quienes acompa\u00f1ados del Coronel Juan Manuel Soto Escala, recibieron un reconocimiento de manos del gobernador provincial de Magallanes, Alejandro V\u00e1squez Servieri.<\/p>\n\n\n\n<p>El gobernador V\u00e1squez, felicit\u00f3 a los j\u00f3venes y les expres\u00f3 la importancia de su labor y   pertenecer al Ej\u00e9rcito de Chile \u201cquiero felicitarlos y en nombre del gobierno, agradecerles porque les ha tocado un ejercicio bastante duro, porque adem\u00e1s de realizar el trabajo intenso que tiene un soldado conscripto, han tenido que lidiar con esta situaci\u00f3n dif\u00edcil y especial que ha tra\u00eddo  la pandemia. Los felicito por el compromiso que ustedes han asumido ustedes con el pa\u00eds y destacarse en lo que hacen. Muchas felicidades a ustedes y a sus familias y transmitan a sus compa\u00f1eros de unidad estas felicitaciones.\u201d<\/p>\n\n\n\n<p>Finalmente el gobernador provincial, destac\u00f3 la importancia de conmemorar este D\u00eda del Soldado Conscripto, fecha en que se conmemora la tragedia sufrida en Antuco, instancia tr\u00e1gica en la que 44 j\u00f3venes soldados perdieron la vida, y cuyo recuerdo inspira a los y las 760 j\u00f3venes que realizan su servicio militar en Punta Arenas.<\/p>\n","protected":false},"excerpt":{"rendered":"<p>A 16 a\u00f1os de la tragedia de Antuco, en el D\u00eda del Soldado Conscripto, homenaje que se rinde a las v\u00edctimas de la tragedia, en los faldeos del volc\u00e1n Antuco,&#8230; <a class=\"read-more\" href=\"https:\/\/www.radiopresidenteibanez.cl\/web\/en-dia-del-soldado-conscripto-jovenes-destacados-reciben-reconocimiento-por-su-labor\/\">Leer m\u00e1s<\/a><\/p>\n","protected":false},"author":2,"featured_media":20777,"comment_status":"closed","ping_status":"closed","sticky":false,"template":"","format":"standard","meta":{"footnotes":""},"categories":[1],"tags":[],"class_list":["post-20776","post","type-post","status-publish","format-standard","has-post-thumbnail","hentry","category-cronica"],"_links":{"self":[{"href":"https:\/\/www.radiopresidenteibanez.cl\/web\/wp-json\/wp\/v2\/posts\/20776","targetHints":{"allow":["GET"]}}],"collection":[{"href":"https:\/\/www.radiopresidenteibanez.cl\/web\/wp-json\/wp\/v2\/posts"}],"about":[{"href":"https:\/\/www.radiopresidenteibanez.cl\/web\/wp-json\/wp\/v2\/types\/post"}],"author":[{"embeddable":true,"href":"https:\/\/www.radiopresidenteibanez.cl\/web\/wp-json\/wp\/v2\/users\/2"}],"replies":[{"embeddable":true,"href":"https:\/\/www.radiopresidenteibanez.cl\/web\/wp-json\/wp\/v2\/comments?post=20776"}],"version-history":[{"count":0,"href":"https:\/\/www.radiopresidenteibanez.cl\/web\/wp-json\/wp\/v2\/posts\/20776\/revisions"}],"wp:featuredmedia":[{"embeddable":true,"href":"https:\/\/www.radiopresidenteibanez.cl\/web\/wp-json\/wp\/v2\/media\/20777"}],"wp:attachment":[{"href":"https:\/\/www.radiopresidenteibanez.cl\/web\/wp-json\/wp\/v2\/media?parent=20776"}],"wp:term":[{"taxonomy":"category","embeddable":true,"href":"https:\/\/www.radiopresidenteibanez.cl\/web\/wp-json\/wp\/v2\/categories?post=20776"},{"taxonomy":"post_tag","embeddable":true,"href":"https:\/\/www.radiopresidenteibanez.cl\/web\/wp-json\/wp\/v2\/tags?post=20776"}],"curies":[{"name":"wp","href":"https:\/\/api.w.org\/{rel}","templated":true}]}}