{"id":20772,"date":"2021-05-17T16:39:04","date_gmt":"2021-05-17T16:39:04","guid":{"rendered":"https:\/\/www.radiopresidenteibanez.cl\/web\/?p=20772"},"modified":"2021-05-17T16:39:10","modified_gmt":"2021-05-17T16:39:10","slug":"universidad-de-magallanes-encuentro-macrozona-sur-de-la-red-pace","status":"publish","type":"post","link":"https:\/\/www.radiopresidenteibanez.cl\/web\/universidad-de-magallanes-encuentro-macrozona-sur-de-la-red-pace\/","title":{"rendered":"UNIVERSIDAD DE MAGALLANES : ENCUENTRO MACROZONA SUR DE LA RED PACE"},"content":{"rendered":"\n<p>El equipo del Programa de\nAcompa\u00f1amiento y Acceso Efectivo a la Educaci\u00f3n Superior (PACE) de la\nUniversidad de Magallanes particip\u00f3 de 2 Jornadas del Encuentro Macrozona Sur\nde la Red PACE. <\/p>\n\n\n\n<p>Con el objetivo de seguir\nfortaleciendo los procesos de transici\u00f3n a la educaci\u00f3n superior, las 10\nInstituciones de Educaci\u00f3n Superior (IES) pertenecientes a la Macrozona Sur, de\n\u00d1uble a Magallanes, participaron de forma virtual de estas jornadas, con la\nfinalidad de analizar resultados, proyecciones e impacto y, a la vez,\nintercambiar experiencias que derivan de su implementaci\u00f3n a lo largo del\nterritorio nacional.<\/p>\n\n\n\n<p>La instancia, organizada en esta\noportunidad por la Universidad del Biob\u00edo, Universidad Cat\u00f3lica de la Sant\u00edsima\nConcepci\u00f3n y Universidad de Concepci\u00f3n, cont\u00f3 con una ceremonia oficial, adem\u00e1s\nde la repartici\u00f3n en grupos de trabajo que apuntaron a la articulaci\u00f3n entre el\ntrabajo que realiza el Programa en la Ense\u00f1anza Media y su transici\u00f3n hacia el\ntrabajo que se desarrolla en la universidad con las y los estudiantes\nbeneficiados por el PACE. Tambi\u00e9n se abordaron los desaf\u00edos de la gesti\u00f3n\noperativa del programa.<\/p>\n\n\n\n<p>Desde las Universidades organizadoras,\nmanifestaron su alegr\u00eda de acoger el Encuentro. El Dr. Mauricio Cataldo Monsalves, Rector de la Universidad del Biob\u00edo valor\u00f3\nla instancia desarrollada por las instituciones de la regi\u00f3n y expres\u00f3 que \u2018\u2018el\nPACE es una exitosa pol\u00edtica de inclusi\u00f3n educativa para un segmento importante\nde j\u00f3venes de nuestro pa\u00eds, que anhela ingresar a la educaci\u00f3n superior\u201d. <\/p>\n\n\n\n<p>Por su parte, el Dr. Luigi Cuellar Fern\u00e1ndez, Vicerrector\nAcad\u00e9mico de la Universidad Cat\u00f3lica de la Sant\u00edsima Concepci\u00f3n, agreg\u00f3\nque \u201cel programa es un proyecto con un gran aporte social, en el cual se ha\nlogrado un importante trabajo mancomunado con los directivos, docentes,\nestudiantes e incluso la comunidad de diversos establecimientos a lo largo del\npa\u00eds y para un estudiante ingresar a la educaci\u00f3n superior es un desaf\u00edo muy\nimportante. <\/p>\n\n\n\n<p>En tanto, desde la Universidad de Concepci\u00f3n, la Directora de Docencia Dra. Carolyn Fern\u00e1ndez\nBranada ahond\u00f3 sobre los contenidos que se desarrollan en el Programa\nse\u00f1alando que \u201ces un privilegio trabajar de manera conjunta en pro de nuestras\ny nuestros estudiantes de secundaria, con el prop\u00f3sito de entregar todas las\nherramientas que sean necesarias para acompa\u00f1arlos, prepararlos, formarlos y\nformarlas como personas integrales, con habilidades de trabajo en equipo,\ncapacidad de pensamiento cr\u00edtico, resoluci\u00f3n de problemas y habilidades\ncomunicativas, todas ellas competencias necesarias en el siglo 21\u201d.<\/p>\n","protected":false},"excerpt":{"rendered":"<p>El equipo del Programa de Acompa\u00f1amiento y Acceso Efectivo a la Educaci\u00f3n Superior (PACE) de la Universidad de Magallanes particip\u00f3 de 2 Jornadas del Encuentro Macrozona Sur de la Red&#8230; <a class=\"read-more\" href=\"https:\/\/www.radiopresidenteibanez.cl\/web\/universidad-de-magallanes-encuentro-macrozona-sur-de-la-red-pace\/\">Leer m\u00e1s<\/a><\/p>\n","protected":false},"author":2,"featured_media":20773,"comment_status":"closed","ping_status":"closed","sticky":false,"template":"","format":"standard","meta":{"footnotes":""},"categories":[1],"tags":[],"class_list":["post-20772","post","type-post","status-publish","format-standard","has-post-thumbnail","hentry","category-cronica"],"_links":{"self":[{"href":"https:\/\/www.radiopresidenteibanez.cl\/web\/wp-json\/wp\/v2\/posts\/20772","targetHints":{"allow":["GET"]}}],"collection":[{"href":"https:\/\/www.radiopresidenteibanez.cl\/web\/wp-json\/wp\/v2\/posts"}],"about":[{"href":"https:\/\/www.radiopresidenteibanez.cl\/web\/wp-json\/wp\/v2\/types\/post"}],"author":[{"embeddable":true,"href":"https:\/\/www.radiopresidenteibanez.cl\/web\/wp-json\/wp\/v2\/users\/2"}],"replies":[{"embeddable":true,"href":"https:\/\/www.radiopresidenteibanez.cl\/web\/wp-json\/wp\/v2\/comments?post=20772"}],"version-history":[{"count":0,"href":"https:\/\/www.radiopresidenteibanez.cl\/web\/wp-json\/wp\/v2\/posts\/20772\/revisions"}],"wp:featuredmedia":[{"embeddable":true,"href":"https:\/\/www.radiopresidenteibanez.cl\/web\/wp-json\/wp\/v2\/media\/20773"}],"wp:attachment":[{"href":"https:\/\/www.radiopresidenteibanez.cl\/web\/wp-json\/wp\/v2\/media?parent=20772"}],"wp:term":[{"taxonomy":"category","embeddable":true,"href":"https:\/\/www.radiopresidenteibanez.cl\/web\/wp-json\/wp\/v2\/categories?post=20772"},{"taxonomy":"post_tag","embeddable":true,"href":"https:\/\/www.radiopresidenteibanez.cl\/web\/wp-json\/wp\/v2\/tags?post=20772"}],"curies":[{"name":"wp","href":"https:\/\/api.w.org\/{rel}","templated":true}]}}