{"id":20769,"date":"2021-05-17T16:33:22","date_gmt":"2021-05-17T16:33:22","guid":{"rendered":"https:\/\/www.radiopresidenteibanez.cl\/web\/?p=20769"},"modified":"2021-05-17T16:33:27","modified_gmt":"2021-05-17T16:33:27","slug":"desarrollo-social-y-familia-realiza-llamado-a-concurso-para-la-ejecucion-del-centro-de-referencia-en-punta-arenas","status":"publish","type":"post","link":"https:\/\/www.radiopresidenteibanez.cl\/web\/desarrollo-social-y-familia-realiza-llamado-a-concurso-para-la-ejecucion-del-centro-de-referencia-en-punta-arenas\/","title":{"rendered":"DESARROLLO SOCIAL Y FAMILIA REALIZA LLAMADO A CONCURSO PARA LA EJECUCI\u00d3N DEL CENTRO DE REFERENCIA EN PUNTA ARENAS"},"content":{"rendered":"\n<p>El Ministerio de Desarrollo Social y Familia realiz\u00f3 un llamado a concurso para que personas jur\u00eddicas y entidades p\u00fablicas ejecuten en Punta Arenas el funcionamiento del Centro de Referencia, dispositivo ubicado en Balmaceda 621 y orientado a que personas en situaci\u00f3n de calle reciban alojamiento temporal, servicios b\u00e1sicos y conexi\u00f3n con la Red de Protecci\u00f3n Social.<\/p>\n\n\n\n<p>Este concurso se ejecuta en el marco del Programa Noche Digna 2021, en su componente Centros Temporales para la Superaci\u00f3n, estrategia intersectorial que lidera el Ministerio de Desarrollo Social y Familia para proteger la vida de las cerca de 16 mil personas en situaci\u00f3n de calle que existen en el pa\u00eds.<\/p>\n\n\n\n<p>La Seremi de Desarrollo Social y Familia, Liz Casanueva, explic\u00f3 que \u201cnuestro ministerio dispondr\u00e1 de un total de $110.000.000 para la puesta en marcha de este dispositivo en Punta Arenas que atender\u00e1 a 40 personas al d\u00eda. Como estamos en un contexto de emergencia sanitaria, este a\u00f1o nuestro ministerio ha tenido la especial dedicaci\u00f3n en activar el Plan Protege Calle, el cual incluye el fortalecimiento del proceso de vacunaci\u00f3n para este segmento, la habilitaci\u00f3n de tres albergues para la regi\u00f3n y el comienzo de una Ruta M\u00e9dica, todo con la finalidad de resguardar la vida de 155 personas en situaci\u00f3n de calle que registra Magallanes\u201d.<\/p>\n\n\n\n<p>Para postular a esta convocatoria las instituciones privadas con personalidad jur\u00eddica sin fines de lucro, municipalidades y gobernaciones deben deber\u00e1n solicitar invitaci\u00f3n para acceder a la plataforma virtual del Sistema de Gesti\u00f3n de Convenios (SIGEC) del ministerio hasta las 17:00 horas de ma\u00f1ana martes 18 de mayo, de acuerdo a las bases disponibles en&nbsp;<a href=\"https:\/\/bit.ly\/2SVYDHT\" target=\"_blank\" rel=\"noreferrer noopener\">https:\/\/bit.ly\/2SVYDHT<\/a>.<\/p>\n\n\n\n<p>Las instituciones interesadas podr\u00e1n solicitar invitaci\u00f3n enviando un email a&nbsp;<a href=\"mailto:mdiazb@desarrollosocial.cl\" target=\"_blank\" rel=\"noreferrer noopener\">mdiazb@desarrollosocial.cl<\/a>&nbsp;con copia a&nbsp;<a href=\"mailto:fepul@desarrollosocial.cl\" target=\"_blank\" rel=\"noreferrer noopener\">fepul@desarrollosocial.cl<\/a>. Adem\u00e1s por esta v\u00eda se podr\u00e1 solicitar la creaci\u00f3n de la cuenta de usuario y contrase\u00f1a para la utilizaci\u00f3n de la plataforma virtual SIGEC, pudiendo adem\u00e1s realizar consultas referentes al concurso.<\/p>\n\n\n\n<p>La transferencia de los recursos se efectuar\u00e1 en relaci\u00f3n a los convenios que el ministerio suscriba con los organismos ejecutores, quedando estipuladas las acciones a desarrollar y las normas exigidas para la implementaci\u00f3n del Centro de Referencia.<\/p>\n","protected":false},"excerpt":{"rendered":"<p>El Ministerio de Desarrollo Social y Familia realiz\u00f3 un llamado a concurso para que personas jur\u00eddicas y entidades p\u00fablicas ejecuten en Punta Arenas el funcionamiento del Centro de Referencia, dispositivo&#8230; <a class=\"read-more\" href=\"https:\/\/www.radiopresidenteibanez.cl\/web\/desarrollo-social-y-familia-realiza-llamado-a-concurso-para-la-ejecucion-del-centro-de-referencia-en-punta-arenas\/\">Leer m\u00e1s<\/a><\/p>\n","protected":false},"author":2,"featured_media":20770,"comment_status":"closed","ping_status":"closed","sticky":false,"template":"","format":"standard","meta":{"footnotes":""},"categories":[1],"tags":[],"class_list":["post-20769","post","type-post","status-publish","format-standard","has-post-thumbnail","hentry","category-cronica"],"_links":{"self":[{"href":"https:\/\/www.radiopresidenteibanez.cl\/web\/wp-json\/wp\/v2\/posts\/20769","targetHints":{"allow":["GET"]}}],"collection":[{"href":"https:\/\/www.radiopresidenteibanez.cl\/web\/wp-json\/wp\/v2\/posts"}],"about":[{"href":"https:\/\/www.radiopresidenteibanez.cl\/web\/wp-json\/wp\/v2\/types\/post"}],"author":[{"embeddable":true,"href":"https:\/\/www.radiopresidenteibanez.cl\/web\/wp-json\/wp\/v2\/users\/2"}],"replies":[{"embeddable":true,"href":"https:\/\/www.radiopresidenteibanez.cl\/web\/wp-json\/wp\/v2\/comments?post=20769"}],"version-history":[{"count":0,"href":"https:\/\/www.radiopresidenteibanez.cl\/web\/wp-json\/wp\/v2\/posts\/20769\/revisions"}],"wp:featuredmedia":[{"embeddable":true,"href":"https:\/\/www.radiopresidenteibanez.cl\/web\/wp-json\/wp\/v2\/media\/20770"}],"wp:attachment":[{"href":"https:\/\/www.radiopresidenteibanez.cl\/web\/wp-json\/wp\/v2\/media?parent=20769"}],"wp:term":[{"taxonomy":"category","embeddable":true,"href":"https:\/\/www.radiopresidenteibanez.cl\/web\/wp-json\/wp\/v2\/categories?post=20769"},{"taxonomy":"post_tag","embeddable":true,"href":"https:\/\/www.radiopresidenteibanez.cl\/web\/wp-json\/wp\/v2\/tags?post=20769"}],"curies":[{"name":"wp","href":"https:\/\/api.w.org\/{rel}","templated":true}]}}