{"id":20767,"date":"2021-05-17T16:31:36","date_gmt":"2021-05-17T16:31:36","guid":{"rendered":"https:\/\/www.radiopresidenteibanez.cl\/web\/?p=20767"},"modified":"2021-05-17T16:31:42","modified_gmt":"2021-05-17T16:31:42","slug":"la-region-que-queremos-esta-de-vuelta-por-ernesto-sepulveda-tornero","status":"publish","type":"post","link":"https:\/\/www.radiopresidenteibanez.cl\/web\/la-region-que-queremos-esta-de-vuelta-por-ernesto-sepulveda-tornero\/","title":{"rendered":"\u00abLA REGION QUE QUEREMOS EST\u00c1 DE VUELTA\u00bb por Ernesto Sep\u00falveda Tornero"},"content":{"rendered":"\n<p>Y lleg\u00f3 la votaci\u00f3n mas\nimportante de nuestra historia. Este fin de semana, elegimos a quienes\nescribir\u00e1n la nueva constituci\u00f3n pol\u00edtica de Chile. Tambi\u00e9n a los gobernadores\nregionales, a alcaldes y concejales. Preliminarmente, los resultados de la\nconstituyente, fueron sorprendentes para independientes, para la lista del PC y\nFA, y para la denominada \u201cLista del pueblo\u201d, sus resultados, hicieron m\u00e1s\nevidente, el magro resultado de la lista del Apruebo, que reun\u00eda a los partidos\nde centro izquierda. Y el resultado de la derecha, muy lejos del tercio de los\nconstituyentes, que era su objetivo. El FA obtuvo importantes ciudades como\nValpara\u00edso, Vi\u00f1a del Mar, Maip\u00fa, \u00d1u\u00f1oa, y tambi\u00e9n del Partido Comunista, que triunfaba\nen Lo Espejo, y sorprendiendo a todos, la alcald\u00eda de Santiago. Los resultados\nelectorales, redistribuyen el poder y la representaci\u00f3n pol\u00edtica en m\u00faltiples\nactores. La izquierda se alza como una fuerza que disputa de igual a igual a la\ncentro izquierda, y a la derecha los espacios de poder. El alto n\u00famero de\nhombres y mujeres independientes, que resultaron electos, en constituyentes, en\ngobernadores y en alcaldes y concejales, demuestran un juicio cr\u00edtico de la\nsociedad, hacia los partidos pol\u00edticos. Especialmente para los partidos\ntradicionales.<\/p>\n\n\n\n<p>&nbsp;&nbsp;&nbsp;&nbsp;&nbsp;&nbsp;&nbsp;&nbsp;&nbsp;&nbsp;&nbsp;&nbsp;&nbsp;&nbsp;&nbsp;&nbsp;&nbsp;&nbsp;&nbsp;&nbsp;&nbsp;&nbsp;&nbsp;&nbsp;&nbsp;&nbsp;&nbsp; Iniciamos\nahora, una senda por donde transitar\u00e1 una variopinta gama de representantes,\nque tendr\u00e1 una tarea constituyente, pero tambi\u00e9n deber\u00e1 ser capaz de establecer\nlas bases de un di\u00e1logo profundo, que interprete el sentir nacional. Las\ntransformaciones sociales, que el pa\u00eds exige con claridad, en esta elecci\u00f3n,\ndeben traducirse en ese necesario dialogo, que ha estado ausente durante largo\ntiempo.<\/p>\n\n\n\n<p>&nbsp;&nbsp;&nbsp;&nbsp;&nbsp;&nbsp;&nbsp;&nbsp;&nbsp;&nbsp;&nbsp;&nbsp;&nbsp;&nbsp;&nbsp;&nbsp;&nbsp;&nbsp;&nbsp;&nbsp;&nbsp;&nbsp;&nbsp;&nbsp;&nbsp;&nbsp;&nbsp; Mas\nall\u00e1 de los cambios de signo pol\u00edtico en las comunas del pa\u00eds, lo que ha\nsucedido en la elecci\u00f3n de gobernadores regionales, tambi\u00e9n re distribuye el\npoder, y constituye una oportunidad de escribir la historia con otros ojos. En\nparticular los triunfos en primera vuelta de Rodrigo Mundaca, en Valpara\u00edso,\npor el FA, que ha sido activista en defensa del agua. En Ays\u00e9n con el triunfo\nde Andrea Mac\u00edas del PS. Y en especial lo ocurrido en Magallanes, donde el\nm\u00e9dico Jorge Fl\u00edes, independiente, apoyado por el PRSD, triunfa ampliamente. <\/p>\n\n\n\n<p>&nbsp;&nbsp;&nbsp;&nbsp;&nbsp;&nbsp;&nbsp;&nbsp;&nbsp;&nbsp;&nbsp;&nbsp;&nbsp;&nbsp;&nbsp;&nbsp;&nbsp;&nbsp; &nbsp;&nbsp;&nbsp;&nbsp;&nbsp;&nbsp;&nbsp;&nbsp;&nbsp;&nbsp;&nbsp;S\u00f3lo tres regiones decidieron en\nprimera vuelta, a su gobernador regional. Valpara\u00edso, Ays\u00e9n y Magallanes, las\ntres regiones optaron por la izquierda y centro izquierda. El grueso de las\nregiones que van a segunda vuelta, tienen a un representante de la centro\nizquierda disputando con un representante de la derecha. El mapa del poder en\nChile, va a quedar reconfigurado, el 13 de junio, cuando se conozcan los\nresultados de la segunda vuelta.<\/p>\n\n\n\n<p>&nbsp;&nbsp;&nbsp;&nbsp;&nbsp;&nbsp;&nbsp;&nbsp;&nbsp;&nbsp;&nbsp;&nbsp;&nbsp;&nbsp;&nbsp;&nbsp;&nbsp;&nbsp;&nbsp;&nbsp;&nbsp;&nbsp;&nbsp;&nbsp;&nbsp;&nbsp;&nbsp; En\nel caso de Magallanes, el triunfo de Jorge Fl\u00edes es el corolario, de un trabajo\nbien hecho durante una gesti\u00f3n de cuatro a\u00f1os, que ha marcado el desarrollo de\nMagallanes.&nbsp; Y lo seguir\u00e1 proyectando,\ncon el Plan de zonas extremas.&nbsp; Una\ncampa\u00f1a limpia, que puso siempre por encima la construcci\u00f3n de \u201cLa regi\u00f3n que\nqueremos\u201d. Una invitaci\u00f3n para continuar un trabajo que iniciamos el 2014, y\nque debe retomarse, para mejorar la calidad de vida de nuestros vecinos.\nConectividad terrestre, mar\u00edtima, a\u00e9rea, conectividad virtual. Desarrollo de un\npolo cient\u00edfico ant\u00e1rtico, en torno a la construcci\u00f3n de nuestro Centro\nAnt\u00e1rtico Internacional.<\/p>\n\n\n\n<p>&nbsp;&nbsp;&nbsp;&nbsp;&nbsp;&nbsp;&nbsp;&nbsp;&nbsp;&nbsp;&nbsp;&nbsp;&nbsp;&nbsp;&nbsp;&nbsp;&nbsp;&nbsp;&nbsp;&nbsp;&nbsp;&nbsp;&nbsp;&nbsp;&nbsp;&nbsp;&nbsp; En\nla gesti\u00f3n del gobernador regional, ser\u00e1 clave contar con el trabajo\nmancomunado con los alcaldes y alcaldesas electos o re electos, en esta\nelecci\u00f3n. La descentralizaci\u00f3n no s\u00f3lo es respecto de la capital del pa\u00eds, sino\ntambi\u00e9n dentro de la propia regi\u00f3n de Magallanes. Donde retomaremos con fuerza\nlos proyectos en Puerto Williams, Puerto Ed\u00e9n, y en las comunas rurales. &nbsp;<\/p>\n\n\n\n<p>&nbsp;&nbsp;&nbsp;&nbsp;&nbsp;&nbsp;&nbsp;&nbsp;&nbsp;&nbsp;&nbsp;&nbsp;&nbsp;&nbsp;&nbsp;&nbsp;&nbsp;&nbsp;&nbsp;&nbsp;&nbsp;&nbsp;&nbsp;&nbsp;&nbsp;&nbsp;&nbsp; Mientras\nen Santiago se discuta la nueva constituci\u00f3n, en Magallanes, podremos\nestablecer un amplio y profundo dialogo, para la construcci\u00f3n de nuestra nueva\nestrategia de desarrollo regional.&nbsp; Ser\u00e1\nfundamental para el \u00e9xito de la gesti\u00f3n del gobernador regional, el contar con\nla colaboraci\u00f3n, con el apoyo concreto de la ciudadan\u00eda.&nbsp; Recordemos que esta autoridad, no es\ndesignada por el presidente de la rep\u00fablica, sino por el voto popular. Lo que\nle da la independencia, y autonom\u00eda, que hemos reclamado durante a\u00f1os. <\/p>\n\n\n\n<p>&nbsp;&nbsp;&nbsp;&nbsp;&nbsp;&nbsp;&nbsp;&nbsp;&nbsp;&nbsp;&nbsp;&nbsp;&nbsp;&nbsp;&nbsp;&nbsp;&nbsp;&nbsp;&nbsp;&nbsp;&nbsp;&nbsp;&nbsp;&nbsp;&nbsp;&nbsp;&nbsp; Termino\nesta columna en la madrugada de este d\u00eda lunes, con las esperanzas renovadas,\npor el apoyo que obtuvo el gobernador regional, electo en Magallanes, Jorge\nFl\u00edes. Tambi\u00e9n con muchas expectativas sobre lo que ser\u00e1 el trabajo de los\nnuevos alcaldes y alcaldesas, que son el pilar sobre el que se sustenta el\ntrabajo por La Regi\u00f3n que queremos.<\/p>\n\n\n\n<p>Ernesto Sep\u00falveda Tornero<\/p>\n","protected":false},"excerpt":{"rendered":"<p>Y lleg\u00f3 la votaci\u00f3n mas importante de nuestra historia. Este fin de semana, elegimos a quienes escribir\u00e1n la nueva constituci\u00f3n pol\u00edtica de Chile. Tambi\u00e9n a los gobernadores regionales, a alcaldes&#8230; <a class=\"read-more\" href=\"https:\/\/www.radiopresidenteibanez.cl\/web\/la-region-que-queremos-esta-de-vuelta-por-ernesto-sepulveda-tornero\/\">Leer m\u00e1s<\/a><\/p>\n","protected":false},"author":2,"featured_media":2310,"comment_status":"closed","ping_status":"closed","sticky":false,"template":"","format":"standard","meta":{"footnotes":""},"categories":[1],"tags":[],"class_list":["post-20767","post","type-post","status-publish","format-standard","has-post-thumbnail","hentry","category-cronica"],"_links":{"self":[{"href":"https:\/\/www.radiopresidenteibanez.cl\/web\/wp-json\/wp\/v2\/posts\/20767","targetHints":{"allow":["GET"]}}],"collection":[{"href":"https:\/\/www.radiopresidenteibanez.cl\/web\/wp-json\/wp\/v2\/posts"}],"about":[{"href":"https:\/\/www.radiopresidenteibanez.cl\/web\/wp-json\/wp\/v2\/types\/post"}],"author":[{"embeddable":true,"href":"https:\/\/www.radiopresidenteibanez.cl\/web\/wp-json\/wp\/v2\/users\/2"}],"replies":[{"embeddable":true,"href":"https:\/\/www.radiopresidenteibanez.cl\/web\/wp-json\/wp\/v2\/comments?post=20767"}],"version-history":[{"count":0,"href":"https:\/\/www.radiopresidenteibanez.cl\/web\/wp-json\/wp\/v2\/posts\/20767\/revisions"}],"wp:featuredmedia":[{"embeddable":true,"href":"https:\/\/www.radiopresidenteibanez.cl\/web\/wp-json\/wp\/v2\/media\/2310"}],"wp:attachment":[{"href":"https:\/\/www.radiopresidenteibanez.cl\/web\/wp-json\/wp\/v2\/media?parent=20767"}],"wp:term":[{"taxonomy":"category","embeddable":true,"href":"https:\/\/www.radiopresidenteibanez.cl\/web\/wp-json\/wp\/v2\/categories?post=20767"},{"taxonomy":"post_tag","embeddable":true,"href":"https:\/\/www.radiopresidenteibanez.cl\/web\/wp-json\/wp\/v2\/tags?post=20767"}],"curies":[{"name":"wp","href":"https:\/\/api.w.org\/{rel}","templated":true}]}}