{"id":20744,"date":"2021-05-15T14:36:44","date_gmt":"2021-05-15T14:36:44","guid":{"rendered":"https:\/\/www.radiopresidenteibanez.cl\/web\/?p=20744"},"modified":"2021-05-15T14:36:49","modified_gmt":"2021-05-15T14:36:49","slug":"despliegue-de-autoridades-en-inspeccion-de-locales-de-votacion","status":"publish","type":"post","link":"https:\/\/www.radiopresidenteibanez.cl\/web\/despliegue-de-autoridades-en-inspeccion-de-locales-de-votacion\/","title":{"rendered":"DESPLIEGUE DE AUTORIDADES EN INSPECCI\u00d3N DE LOCALES DE VOTACI\u00d3N"},"content":{"rendered":"\n<p>Ad portas de las elecciones del s\u00e1bado 15 y domingo 16 de mayo, e\ninmediatamente despu\u00e9s del inicio de las fiscalizaciones en la escuela 18 de\nSeptiembre, acci\u00f3n liderada por la Intendenta Jennifer Rojas, el gobernador\nprovincial de Magallanes, Alejandro V\u00e1squez Servieri, acompa\u00f1ado del comandante\nde Carabineros, Alejandro Lepin; el prefecto Jaime Rossel de la PDI; el coronel\nJos\u00e9 Manuel Soto, delegado del Jefe regional de Fuerza; y la coordinadora\nregional de Seguridad P\u00fablica, Pamela Flores; realiz\u00f3 una inspecci\u00f3n a los&nbsp; locales de votaci\u00f3n de Punta Arenas, con el\nfin de fiscalizar las medidas de seguridad p\u00fablica y sanitaria presentes en\ncada uno de ellos. <\/p>\n\n\n\n<p>Sobre las visitas, el gobernador Alejandro V\u00e1squez detall\u00f3 que \u201choy, lo\nque hacemos es una revisi\u00f3n de estos establecimientos, los cuales deben seguir\nun est\u00e1ndar determinado que nos garantice que habr\u00e1 seguridad y transparencia\npara todas las personas que votar\u00e1n este s\u00e1bado y domingo y eso es lo que\nestamos verificando en terreno y debo decir, que las medidas se est\u00e1n tomando\ntal cual fueron programadas\u201d.&nbsp; <\/p>\n\n\n\n<p>En la misma l\u00ednea, la coordinadora de Seguridad P\u00fablica agreg\u00f3 que \u201ces\nun proceso muy coordinado, est\u00e1 todo en perfectas condiciones, todos los\nlocales cuentan con la implementaci\u00f3n necesaria. Hay muy buena coordinaci\u00f3n\ntambi\u00e9n entre el delegado del local y las Fuerzas Armadas, que estar\u00e1n dentro\nde los establecimientos. Podemos dar cuenta que este ser\u00e1 un proceso ordenado y\ntransparente, que es lo m\u00e1s importante hoy d\u00eda, que la gente tenga la confianza\nde venir\u201d.<\/p>\n\n\n\n<p>Asimismo, el coronel Jos\u00e9 Manuel Soto, explic\u00f3 que \u201cse han estado\ncoordinando algunos detalles como el punto de vista sanitario, d\u00f3nde quedar\u00e1n guardados\nlos votos, y el rol que le corresponde a cada uno de los actores para el\nevento\u201d, y puntualiz\u00f3 que \u201cya est\u00e1 todo organizado, se han tomado las\nprevisiones necesarias y no deber\u00edamos tener ning\u00fan inconveniente. Est\u00e1n todas\nlas medidas adoptadas\u201d.<\/p>\n\n\n\n<p>En total, se pondr\u00e1n a disposici\u00f3n de los votantes 400 mesas y 1600\nurnas, con dos c\u00e1maras por cada mesa, las cuales estar\u00e1n habilitadas de 8am a\n6pm ambos d\u00edas. Adem\u00e1s los locales cuentan con sanitizaci\u00f3n constante para\nprevenir contagios por la pandemia y medidas especiales para embarazadas,\ntercera edad y personas con discapacidad.<\/p>\n\n\n\n<p>Por disposici\u00f3n del Servel los votos estar\u00e1n resguardados en urnas\nselladas y en salas que contar\u00e1n con sellos en puertas y ventanas. Dicha sala\nquedar\u00e1 bajo la custodia de las Fuerzas Armadas y bajo la tutela de delegados\nelegidos por cada partido pol\u00edtico.<\/p>\n\n\n\n<p>Por su parte, las Fuerzas del Orden y Seguridad P\u00fablica, Carabineros y\nPDI, resguardar\u00e1n los locales de votaci\u00f3n por fuera. \u201cEstaremos desplegados en\ntodos los locales de votaci\u00f3n para asegurar la seguridad exterior de cada\nestablecimiento para brindar mayor seguridad a los votantes y evitar cualquier\ninconveniente\u201d, explic\u00f3 el comandante Lepin.<\/p>\n\n\n\n<p>Desde la PDI, el prefecto Rossel a\u00f1adi\u00f3 que \u201cesperamos un buen\ncomportamiento de la comunidad que concurra a los locales de votaci\u00f3n.\nEstaremos brindando la seguridad ciudadana en la v\u00eda p\u00fablica, previendo que\nocurra cualquier delito y realizando los controles sanitarios que\ncorrespondan\u201d.<\/p>\n\n\n\n<p>En ese sentido el Seremi de Salud, Eduardo Castillo invit\u00f3 a participar\nde este proceso eleccionario \u201csiguiendo la Ruta del Voto Seguro, para que\nustedes puedan desde antes de salir de su hogar, durante el trayecto, al\nmomento de votar y al regresar a casa, seguir todas las instrucciones de manera\nde poder participar de manera segura, sin ponerse en riesgo usted ni tampoco a\nla comunidad\u201d. El Seremi, llam\u00f3 a no olvidar llevar c\u00e9dula de identidad, un\nl\u00e1piz de pasta azul, su propio alcohol gel y mascarilla usada adecuadamente.\nAdem\u00e1s, mantener siempre el distanciamiento f\u00edsico en los lugares de espera y\nevitar las aglomeraciones.<\/p>\n\n\n\n<p>De esta manera, y con la certeza de que se tomaron todos los resguardos\nnecesarios para el \u00e9xito de estos hist\u00f3ricos comicios, el gobernador\nprovincial, Alejandro V\u00e1squez, reitera su llamado a los magall\u00e1nicos para&nbsp; \u201cque vengan a ejercer su derecho a voto, que\ntambi\u00e9n es una responsabilidad c\u00edvica que tenemos todos\u201d y recalc\u00f3 que \u201ceste\nfin de semana hay hitos que son importantes, como por ejemplo, que vamos a\nelegir constituyentes, que ser\u00e1n las personas que estar\u00e1n preocupadas de\nconfeccionar nuestra Carta Magna, que es la que fijar\u00e1 el rumbo del pa\u00eds\u201d.\n\u201cEsta es una votaci\u00f3n important\u00edsima y debe contar con el apoyo de la gran\nmayor\u00eda los chilenos y de los magall\u00e1nicos. Espero que vengan a votar, votar es\nparticipar. Cuando uno participa, se hace parte de los procesos.\u201d<\/p>\n","protected":false},"excerpt":{"rendered":"<p>Ad portas de las elecciones del s\u00e1bado 15 y domingo 16 de mayo, e inmediatamente despu\u00e9s del inicio de las fiscalizaciones en la escuela 18 de Septiembre, acci\u00f3n liderada por&#8230; <a class=\"read-more\" href=\"https:\/\/www.radiopresidenteibanez.cl\/web\/despliegue-de-autoridades-en-inspeccion-de-locales-de-votacion\/\">Leer m\u00e1s<\/a><\/p>\n","protected":false},"author":2,"featured_media":20745,"comment_status":"closed","ping_status":"closed","sticky":false,"template":"","format":"standard","meta":{"footnotes":""},"categories":[1],"tags":[],"class_list":["post-20744","post","type-post","status-publish","format-standard","has-post-thumbnail","hentry","category-cronica"],"_links":{"self":[{"href":"https:\/\/www.radiopresidenteibanez.cl\/web\/wp-json\/wp\/v2\/posts\/20744","targetHints":{"allow":["GET"]}}],"collection":[{"href":"https:\/\/www.radiopresidenteibanez.cl\/web\/wp-json\/wp\/v2\/posts"}],"about":[{"href":"https:\/\/www.radiopresidenteibanez.cl\/web\/wp-json\/wp\/v2\/types\/post"}],"author":[{"embeddable":true,"href":"https:\/\/www.radiopresidenteibanez.cl\/web\/wp-json\/wp\/v2\/users\/2"}],"replies":[{"embeddable":true,"href":"https:\/\/www.radiopresidenteibanez.cl\/web\/wp-json\/wp\/v2\/comments?post=20744"}],"version-history":[{"count":0,"href":"https:\/\/www.radiopresidenteibanez.cl\/web\/wp-json\/wp\/v2\/posts\/20744\/revisions"}],"wp:featuredmedia":[{"embeddable":true,"href":"https:\/\/www.radiopresidenteibanez.cl\/web\/wp-json\/wp\/v2\/media\/20745"}],"wp:attachment":[{"href":"https:\/\/www.radiopresidenteibanez.cl\/web\/wp-json\/wp\/v2\/media?parent=20744"}],"wp:term":[{"taxonomy":"category","embeddable":true,"href":"https:\/\/www.radiopresidenteibanez.cl\/web\/wp-json\/wp\/v2\/categories?post=20744"},{"taxonomy":"post_tag","embeddable":true,"href":"https:\/\/www.radiopresidenteibanez.cl\/web\/wp-json\/wp\/v2\/tags?post=20744"}],"curies":[{"name":"wp","href":"https:\/\/api.w.org\/{rel}","templated":true}]}}