{"id":20738,"date":"2021-05-15T14:24:56","date_gmt":"2021-05-15T14:24:56","guid":{"rendered":"https:\/\/www.radiopresidenteibanez.cl\/web\/?p=20738"},"modified":"2021-05-15T14:25:01","modified_gmt":"2021-05-15T14:25:01","slug":"mas-de-800-trabajadores-han-ingresado-su-postulacion-para-acceder-al-subsidio-al-nuevo-empleo","status":"publish","type":"post","link":"https:\/\/www.radiopresidenteibanez.cl\/web\/mas-de-800-trabajadores-han-ingresado-su-postulacion-para-acceder-al-subsidio-al-nuevo-empleo\/","title":{"rendered":"M\u00c1S DE 800 TRABAJADORES HAN INGRESADO SU POSTULACI\u00d3N PARA ACCEDER AL SUBSIDIO AL NUEVO EMPLEO"},"content":{"rendered":"\n<p>A trav\u00e9s de una\nvisita realizada a empresa del sector gastron\u00f3mico \u2013Caf\u00e9 Sarmiento- la cual ha\naccedido a los beneficios del Subsidio al Empleo, las autoridades laborales\nhicieron un nuevo llamado a los trabajadores magall\u00e1nicos a postular al\nSubsidio al Nuevo Empleo, beneficio que, en la regi\u00f3n, ya lleva un total de 815\npersonas que han ingresado su solicitud.<\/p>\n\n\n\n<p>Esta visita estuvo\nacompa\u00f1ada por la Seremi de Gobierno, Alejandra Mu\u00f1oz; la Seremi del Trabajo,\nVictoria Cort\u00e9s; y el director de Sence Magallanes, Enrique Hern\u00e1ndez, quienes\npudieron conocer la experiencia y situaci\u00f3n actual del empleador.<\/p>\n\n\n\n<p>En palabras de\nla Seremi del Trabajo, \u201choy hemos visitado este tradicional e hist\u00f3rico Caf\u00e9\nSarmiento, tan concurrido y visitado previo a la pandemia y que producto de\nesta crisis sanitaria, ha tenido que reinventarse y en esa reinvenci\u00f3n ha sido\nfundamental el apoyo del Subsidio al Empleo, que le ha permitido hoy contratar\nun nuevo trabajador y, adem\u00e1s, la Ley de Protecci\u00f3n del Empleo, gracias a la\ncual ha podido mantener la relaci\u00f3n laboral con sus trabajadores m\u00e1s antiguos\nque, como sabemos, es muy importante\u201d.<\/p>\n\n\n\n<p>Por lo mismo, la\nsecretaria regional hizo un llamado a la comunidad, especialmente a los micro y\npeque\u00f1os empleadores, a postular a estos subsidios. \u201cEl plazo se ha extendido,\ntambi\u00e9n el tiempo de vigencia, ahora pasamos de 8 a 10 meses para las peque\u00f1as\ny medianas empresas y hasta 8 meses para las grandes empresas. Se trata de una\ncantidad monetaria importante que sabemos sirve para muchos trabajadores y sus\nfamilias\u201d, a\u00f1adi\u00f3.<\/p>\n\n\n\n<p>Seg\u00fan explic\u00f3 el\ndirector regional de Sence, \u201cahora, tenemos el Subsidio al Nuevo Empleo,\nbeneficio recientemente lanzado para todos los trabajadores que tienen un nuevo\ncontrato de trabajo a partir del 1 de abril y hasta el 31 de mayo, que podr\u00e1n\nrecibir un aporte estatal de 50 mil pesos, que podr\u00eda llegar a 70 mil pesos si\nla persona contratada es una mujer, un joven menor de 24 a\u00f1os o una persona en\nsituaci\u00f3n de discapacidad\u201d.<\/p>\n\n\n\n<p>Hern\u00e1ndez\nrecord\u00f3 que estos subsidios (al Nuevo Empleo y Subsidio al Empleo en la l\u00ednea\n\u201cContrata\u201d) son ayudas complementarias. As\u00ed, el Subsidio al Nuevo Empleo lo\npostula el trabajador y lo recibe directamente \u00e9l, mientras que el Subsidio \u201cContrata\u201d\nlo postula la empresa y lo recibe el empleador para complementar la\nremuneraci\u00f3n mensual del trabajador.<\/p>\n\n\n\n<p>El due\u00f1o del\nCaf\u00e9 Sarmiento, Hern\u00e1n Caro, coment\u00f3 su experiencia e hizo el llamado a que m\u00e1s\nempresas y trabajadores locales postulen a estos aportes estatales. \u201cBueno,\nnosotros estamos apostando por estos beneficios que se est\u00e1n entregando y llamo\ntambi\u00e9n a que los peque\u00f1os y micro empresarios apuesten a estas subvenciones\nque existen para los trabajadores, para reintegrarlos y para contratar. En\nnuestro caso, nosotros adem\u00e1s de reintegrar, tambi\u00e9n nos vamos a abrir, en\nestos tiempos que est\u00e1 tan dif\u00edcil, a contratar a un nuevo trabajador\u201d, expres\u00f3.<\/p>\n\n\n\n<p>A nivel\nregional, un total de 5.781 trabajadores ya han accedido a los beneficios del\nSubsidio al Empleo, a trav\u00e9s de la postulaci\u00f3n que han realizado un n\u00famero de\n1.232 empresas locales.<\/p>\n\n\n\n<p>Las autoridades\nrecordaron que el mecanismo para que, tanto trabajadores como empleadores\npuedan postular, ya sea al Subsidio al Nuevo Empleo o a cualquiera de las\nl\u00edneas del Subsidio al Empleo, respectivamente, sigue siendo a trav\u00e9s del sitio\nweb <a href=\"http:\/\/www.subsidioalempleo.cl\">www.subsidioalempleo.cl<\/a>.<\/p>\n","protected":false},"excerpt":{"rendered":"<p>A trav\u00e9s de una visita realizada a empresa del sector gastron\u00f3mico \u2013Caf\u00e9 Sarmiento- la cual ha accedido a los beneficios del Subsidio al Empleo, las autoridades laborales hicieron un nuevo&#8230; <a class=\"read-more\" href=\"https:\/\/www.radiopresidenteibanez.cl\/web\/mas-de-800-trabajadores-han-ingresado-su-postulacion-para-acceder-al-subsidio-al-nuevo-empleo\/\">Leer m\u00e1s<\/a><\/p>\n","protected":false},"author":2,"featured_media":20739,"comment_status":"closed","ping_status":"closed","sticky":false,"template":"","format":"standard","meta":{"footnotes":""},"categories":[1],"tags":[],"class_list":["post-20738","post","type-post","status-publish","format-standard","has-post-thumbnail","hentry","category-cronica"],"_links":{"self":[{"href":"https:\/\/www.radiopresidenteibanez.cl\/web\/wp-json\/wp\/v2\/posts\/20738","targetHints":{"allow":["GET"]}}],"collection":[{"href":"https:\/\/www.radiopresidenteibanez.cl\/web\/wp-json\/wp\/v2\/posts"}],"about":[{"href":"https:\/\/www.radiopresidenteibanez.cl\/web\/wp-json\/wp\/v2\/types\/post"}],"author":[{"embeddable":true,"href":"https:\/\/www.radiopresidenteibanez.cl\/web\/wp-json\/wp\/v2\/users\/2"}],"replies":[{"embeddable":true,"href":"https:\/\/www.radiopresidenteibanez.cl\/web\/wp-json\/wp\/v2\/comments?post=20738"}],"version-history":[{"count":0,"href":"https:\/\/www.radiopresidenteibanez.cl\/web\/wp-json\/wp\/v2\/posts\/20738\/revisions"}],"wp:featuredmedia":[{"embeddable":true,"href":"https:\/\/www.radiopresidenteibanez.cl\/web\/wp-json\/wp\/v2\/media\/20739"}],"wp:attachment":[{"href":"https:\/\/www.radiopresidenteibanez.cl\/web\/wp-json\/wp\/v2\/media?parent=20738"}],"wp:term":[{"taxonomy":"category","embeddable":true,"href":"https:\/\/www.radiopresidenteibanez.cl\/web\/wp-json\/wp\/v2\/categories?post=20738"},{"taxonomy":"post_tag","embeddable":true,"href":"https:\/\/www.radiopresidenteibanez.cl\/web\/wp-json\/wp\/v2\/tags?post=20738"}],"curies":[{"name":"wp","href":"https:\/\/api.w.org\/{rel}","templated":true}]}}