{"id":20730,"date":"2021-05-14T04:15:00","date_gmt":"2021-05-14T04:15:00","guid":{"rendered":"https:\/\/www.radiopresidenteibanez.cl\/web\/?p=20730"},"modified":"2021-05-13T19:22:23","modified_gmt":"2021-05-13T19:22:23","slug":"reforzaran-servicios-de-transporte-publico-rural-para-elecciones","status":"publish","type":"post","link":"https:\/\/www.radiopresidenteibanez.cl\/web\/reforzaran-servicios-de-transporte-publico-rural-para-elecciones\/","title":{"rendered":"REFORZAR\u00c1N SERVICIOS DE TRANSPORTE P\u00daBLICO RURAL PARA ELECCIONES"},"content":{"rendered":"\n<p>\u201c33 servicios rurales e intercomunales\nofrecer\u00e1n transporte gratito para que quienes viven en localidades aisladas\npuedan ir a emitir el sufragio. Tambi\u00e9n se defini\u00f3 6 servicios especiales, los\ncuales unir\u00e1n la comuna de Laguna Blanca con Punta Arenas, Villa Renoval con\nNatales, San Sebasti\u00e1n con Porvenir, Pampa Guanaco con C\u00e1meron y diversas\nestancias con el gimnasio municipal de R\u00edo Verde\u201d inform\u00f3 la intendenta de\nMagallanes y de la Ant\u00e1rtica Chilena Jennifer Rojas al dar a conocer junto al\nseremi de Transportes y Telecomunicaciones Marco Mella los servicios dispuestos\npara estas elecciones del 15 y 16 de mayo.<\/p>\n\n\n\n<p>\u201cComo gobierno queremos dar todas las\nfacilidades para que las personas lleguen a los lugares de votaci\u00f3n. Buscamos\nque estas elecciones sean participativas y por eso es que hemos dispuesto todo\npara que as\u00ed sea: robustos protocolos de seguridad y sanitarios\u201d agreg\u00f3 la\nprimera autoridad regional.<\/p>\n\n\n\n<p>Se\u00f1al\u00f3 Rojas que los servicios regulares operar\u00e1n\ncomo un d\u00eda normal (sin pandemia). De ellos 10 operar\u00e1n en Punta Arenas para el\ntraslado de las personas que viven en Pampa Redonda, San Juan Agua Fresca,\nBarranco Amarillo, Loteo Vrsalovic, Ojo Bueno, R\u00edo Seco, Loteo Varillas,\nLe\u00f1adura, El Andino y Cerro Skyring.<\/p>\n\n\n\n<p>Por su parte, el seremitt Marco Mella agreg\u00f3 que en Natales operar\u00e1n sus\n6 servicios regulares que llevan a esta capital provincial pasajeros desde\nVilla Dorotea, Seno Obstrucci\u00f3n, Villa Serrano, Cerro Guido, Puerto Bories y\nHuertos Familiares. Asimismo, en la comuna de Primavera operar\u00e1n los servicios\nque unen Cerro Sombrero con Porvenir y con Punta Arenas respectivamente y en\nSan Gregorio el servicio regular de acercamiento a la capital regional.<\/p>\n\n\n\n<p>Mella hizo el llamado a la comunidad a coordinar sus salidas,\nconsultando con el operador del servicio los horarios dispuestos para el fin de\nsemana. En el caso de los buses que salen desde el terminal Mina Loreto en\nPunta Arenas todos cuentan con una l\u00e1mina que informa las frecuencias y\nhorarios dispuestos para estas elecciones.<\/p>\n\n\n\n<p>En Porvenir el servicio que une Bah\u00eda Chilota con la capital provincial\ncontar\u00e1 con 6 salidas tanto el s\u00e1bado como el domingo y con una de salida y una\nde retorno el servicio que va a la comuna de Tim\u00e1ukel. Finalmente, en Cabo de\nHornos el d\u00eda s\u00e1bado operar\u00e1 con una frecuencia de ida y regreso (9:30 y 16:30\nhoras) el servicio terrestre Caleta Eugenia-Puerto Williams y de la misma\nmanera con el mismo horario el d\u00eda domingo el servicio Puerto Navarino-Puerto\nWilliams.<\/p>\n\n\n\n<p>Para concurrir a los locales de votaci\u00f3n, el p\u00fablico no deber\u00e1 portar\nning\u00fan permiso especial, m\u00e1s que la c\u00e9dula de identidad. Si desean realizar\notro tipo de actividad adicional, deber\u00e1 contar con el permiso que corresponda\nobtenido en Comisar\u00eda Virtual.<\/p>\n\n\n\n<p><strong>Transporte urbano<\/strong><\/p>\n\n\n\n<p>El servicio Red Punta Arenas operar\u00e1 como un s\u00e1bado sin pandemia. Las\ntarifas ser\u00e1n las mismas de siempre, pero el servicio ser\u00e1 reforzado en\ncomparaci\u00f3n a c\u00f3mo opera est\u00e1 operando en cuarentena. Los horarios se\nextender\u00e1n acorde a la necesidad que impone la apertura y cierres de mesa de\nvotaci\u00f3n, de 7 a 22:59 hrs.<\/p>\n","protected":false},"excerpt":{"rendered":"<p>\u201c33 servicios rurales e intercomunales ofrecer\u00e1n transporte gratito para que quienes viven en localidades aisladas puedan ir a emitir el sufragio. Tambi\u00e9n se defini\u00f3 6 servicios especiales, los cuales unir\u00e1n&#8230; <a class=\"read-more\" href=\"https:\/\/www.radiopresidenteibanez.cl\/web\/reforzaran-servicios-de-transporte-publico-rural-para-elecciones\/\">Leer m\u00e1s<\/a><\/p>\n","protected":false},"author":2,"featured_media":20731,"comment_status":"closed","ping_status":"closed","sticky":false,"template":"","format":"standard","meta":{"footnotes":""},"categories":[1],"tags":[],"class_list":["post-20730","post","type-post","status-publish","format-standard","has-post-thumbnail","hentry","category-cronica"],"_links":{"self":[{"href":"https:\/\/www.radiopresidenteibanez.cl\/web\/wp-json\/wp\/v2\/posts\/20730","targetHints":{"allow":["GET"]}}],"collection":[{"href":"https:\/\/www.radiopresidenteibanez.cl\/web\/wp-json\/wp\/v2\/posts"}],"about":[{"href":"https:\/\/www.radiopresidenteibanez.cl\/web\/wp-json\/wp\/v2\/types\/post"}],"author":[{"embeddable":true,"href":"https:\/\/www.radiopresidenteibanez.cl\/web\/wp-json\/wp\/v2\/users\/2"}],"replies":[{"embeddable":true,"href":"https:\/\/www.radiopresidenteibanez.cl\/web\/wp-json\/wp\/v2\/comments?post=20730"}],"version-history":[{"count":0,"href":"https:\/\/www.radiopresidenteibanez.cl\/web\/wp-json\/wp\/v2\/posts\/20730\/revisions"}],"wp:featuredmedia":[{"embeddable":true,"href":"https:\/\/www.radiopresidenteibanez.cl\/web\/wp-json\/wp\/v2\/media\/20731"}],"wp:attachment":[{"href":"https:\/\/www.radiopresidenteibanez.cl\/web\/wp-json\/wp\/v2\/media?parent=20730"}],"wp:term":[{"taxonomy":"category","embeddable":true,"href":"https:\/\/www.radiopresidenteibanez.cl\/web\/wp-json\/wp\/v2\/categories?post=20730"},{"taxonomy":"post_tag","embeddable":true,"href":"https:\/\/www.radiopresidenteibanez.cl\/web\/wp-json\/wp\/v2\/tags?post=20730"}],"curies":[{"name":"wp","href":"https:\/\/api.w.org\/{rel}","templated":true}]}}